{"id":39291,"date":"2025-07-02T09:56:38","date_gmt":"2025-07-02T06:56:38","guid":{"rendered":"https:\/\/www.egemtv.com\/?p=39291"},"modified":"2025-07-02T09:56:41","modified_gmt":"2025-07-02T06:56:41","slug":"emniyet-kemerinin-onemine-dikkat-cekildi","status":"publish","type":"post","link":"https:\/\/www.egemtv.com\/?p=39291","title":{"rendered":"Emniyet kemerinin \u00f6nemine dikkat \u00e7ekildi"},"content":{"rendered":"<p>Ayd\u0131n\u2019\u0131n Nazilli il\u00e7esinde emniyet kemerinin \u00f6nemine dikkat \u00e7eken jandarma ekipleri, toplu ta\u015f\u0131ma ara\u00e7lar\u0131na y\u00f6nelik yap\u0131lan yol denetiminde s\u00fcr\u00fcc\u00fcleri bilgilendirdi.<\/p>\n<p>Nazilli \u0130l\u00e7e Jandarma Komutanl\u0131\u011f\u0131 Trafik Jandarmas\u0131 taraf\u0131ndan toplu ta\u015f\u0131ma ara\u00e7lar\u0131n\u0131n kar\u0131\u015fm\u0131\u015f oldu\u011fu trafik kazalar\u0131n\u0131n \u00f6nlenmesi amac\u0131yla Nazilli-Bozdo\u011fan yolunda denetim ger\u00e7ekle\u015ftirildi. Toplu ta\u015f\u0131ma ara\u00e7lar\u0131n\u0131n yol g\u00fczergah\u0131nda yap\u0131lan denetimde 95 yolcu bilgilendirildi ve 7 ara\u00e7 s\u00fcr\u00fcc\u00fcs\u00fc kontrol edildi. Ayr\u0131ca denetimlerde emniyet kemeri kullan\u0131m\u0131n\u0131n \u00f6nemine dikkat \u00e7ekilirken, s\u00fcr\u00fcc\u00fcler a\u015f\u0131r\u0131 h\u0131z yapmamalar\u0131, uykusuz ve yorgun ara\u00e7 kullanmamalar\u0131, seyir halinde cep telefonu kullan\u0131lmamas\u0131, hatal\u0131 sollama yap\u0131lmamas\u0131, emniyet kemeri takmalar\u0131 ve genel trafik kurallar\u0131na uymalar\u0131 konular\u0131nda bilgilendirme yap\u0131ld\u0131.<br \/><\/p>\n","protected":false},"excerpt":{"rendered":"<p>Ayd\u0131n\u2019\u0131n Nazilli il\u00e7esinde emniyet kemerinin \u00f6nemine dikkat \u00e7eken jandarma ekipleri, toplu ta\u015f\u0131ma ara\u00e7lar\u0131na y\u00f6nelik yap\u0131lan yol denetiminde s\u00fcr\u00fcc\u00fcleri bilgilendirdi. Nazilli \u0130l\u00e7e Jandarma Komutanl\u0131\u011f\u0131 Trafik Jandarmas\u0131 taraf\u0131ndan toplu ta\u015f\u0131ma ara\u00e7lar\u0131n\u0131n kar\u0131\u015fm\u0131\u015f oldu\u011fu trafik kazalar\u0131n\u0131n \u00f6nlenmesi amac\u0131yla Nazilli-Bozdo\u011fan yolunda denetim ger\u00e7ekle\u015ftirildi. Toplu ta\u015f\u0131ma ara\u00e7lar\u0131n\u0131n yol g\u00fczergah\u0131nda yap\u0131lan denetimde 95 yolcu bilgilendirildi ve 7 ara\u00e7 s\u00fcr\u00fcc\u00fcs\u00fc kontrol edildi&#8230;.<\/p>\n","protected":false},"author":1,"featured_media":39292,"comment_status":"open","ping_status":"open","sticky":false,"template":"","format":"standard","meta":{"_crdt_document":"","footnotes":""},"categories":[5],"tags":[],"class_list":["post-39291","post","type-post","status-publish","format-standard","has-post-thumbnail","hentry","category-asayis"],"_links":{"self":[{"href":"https:\/\/www.egemtv.com\/index.php?rest_route=\/wp\/v2\/posts\/39291","targetHints":{"allow":["GET"]}}],"collection":[{"href":"https:\/\/www.egemtv.com\/index.php?rest_route=\/wp\/v2\/posts"}],"about":[{"href":"https:\/\/www.egemtv.com\/index.php?rest_route=\/wp\/v2\/types\/post"}],"author":[{"embeddable":true,"href":"https:\/\/www.egemtv.com\/index.php?rest_route=\/wp\/v2\/users\/1"}],"replies":[{"embeddable":true,"href":"https:\/\/www.egemtv.com\/index.php?rest_route=%2Fwp%2Fv2%2Fcomments&post=39291"}],"version-history":[{"count":1,"href":"https:\/\/www.egemtv.com\/index.php?rest_route=\/wp\/v2\/posts\/39291\/revisions"}],"predecessor-version":[{"id":39293,"href":"https:\/\/www.egemtv.com\/index.php?rest_route=\/wp\/v2\/posts\/39291\/revisions\/39293"}],"wp:featuredmedia":[{"embeddable":true,"href":"https:\/\/www.egemtv.com\/index.php?rest_route=\/wp\/v2\/media\/39292"}],"wp:attachment":[{"href":"https:\/\/www.egemtv.com\/index.php?rest_route=%2Fwp%2Fv2%2Fmedia&parent=39291"}],"wp:term":[{"taxonomy":"category","embeddable":true,"href":"https:\/\/www.egemtv.com\/index.php?rest_route=%2Fwp%2Fv2%2Fcategories&post=39291"},{"taxonomy":"post_tag","embeddable":true,"href":"https:\/\/www.egemtv.com\/index.php?rest_route=%2Fwp%2Fv2%2Ftags&post=39291"}],"curies":[{"name":"wp","href":"https:\/\/api.w.org\/{rel}","templated":true}]}}