{"id":39288,"date":"2025-07-02T09:56:34","date_gmt":"2025-07-02T06:56:34","guid":{"rendered":"https:\/\/www.egemtv.com\/?p=39288"},"modified":"2025-07-02T09:56:38","modified_gmt":"2025-07-02T06:56:38","slug":"manisada-emlak-ofisinde-silahli-kavga-1-olu-3-yarali","status":"publish","type":"post","link":"https:\/\/www.egemtv.com\/?p=39288","title":{"rendered":"Manisa\u2019da emlak ofisinde silahl\u0131 kavga: 1 \u00f6l\u00fc, 3 yaral\u0131"},"content":{"rendered":"<p>Manisa\u2019da bir emlak ofisinde \u00e7\u0131kan silahl\u0131 kavgada 1 ki\u015fi hayat\u0131n\u0131 kaybetti, 2\u2019si a\u011f\u0131r 3 ki\u015fi yaraland\u0131.<br \/>\n<br \/>Olay, d\u00fcn gece 2. Anafartalar Mahallesi 1714. Sokak\u2019taki bir emlak ofisinde ya\u015fand\u0131. \u0130ddiaya g\u00f6re, alacak meselesi nedeniyle iki grup aras\u0131nda tart\u0131\u015fma \u00e7\u0131kt\u0131. \u00c7\u0131kan silahl\u0131 kavgada taraflar birbirine ate\u015f a\u00e7t\u0131. Silah seslerini duyan \u00e7evredekilerin ihbar\u0131 \u00fczerine b\u00f6lgeye \u00e7ok say\u0131da polis ve sa\u011fl\u0131k ekibi sevk edildi. Olayda yaralanan 4 ki\u015fi, sa\u011fl\u0131k ekiplerince \u00e7evredeki hastanelere kald\u0131r\u0131ld\u0131. A\u011f\u0131r yaral\u0131 olan Yi\u011fit Burdur, hastanede yap\u0131lan t\u00fcm m\u00fcdahalelere ra\u011fmen kurtar\u0131lamayarak hayat\u0131n\u0131 kaybetti. Di\u011fer 3 yaral\u0131dan 2\u2019sinin sa\u011fl\u0131k durumunun da ciddiyetini korudu\u011fu \u00f6\u011frenildi.<br \/>\n<br \/>Polis ekipleri, olaya kar\u0131\u015ft\u0131\u011f\u0131 de\u011ferlendirilen 10 \u015f\u00fcpheliyi g\u00f6zalt\u0131na ald\u0131. Olayla ilgili soru\u015fturma s\u00fcr\u00fcyor.<br \/><\/p>\n","protected":false},"excerpt":{"rendered":"<p>Manisa\u2019da bir emlak ofisinde \u00e7\u0131kan silahl\u0131 kavgada 1 ki\u015fi hayat\u0131n\u0131 kaybetti, 2\u2019si a\u011f\u0131r 3 ki\u015fi yaraland\u0131. Olay, d\u00fcn gece 2. Anafartalar Mahallesi 1714. Sokak\u2019taki bir emlak ofisinde ya\u015fand\u0131. \u0130ddiaya g\u00f6re, alacak meselesi nedeniyle iki grup aras\u0131nda tart\u0131\u015fma \u00e7\u0131kt\u0131. \u00c7\u0131kan silahl\u0131 kavgada taraflar birbirine ate\u015f a\u00e7t\u0131. Silah seslerini duyan \u00e7evredekilerin ihbar\u0131 \u00fczerine b\u00f6lgeye \u00e7ok say\u0131da polis&#8230;<\/p>\n","protected":false},"author":1,"featured_media":39289,"comment_status":"open","ping_status":"open","sticky":false,"template":"","format":"standard","meta":{"_crdt_document":"","footnotes":""},"categories":[5],"tags":[],"class_list":["post-39288","post","type-post","status-publish","format-standard","has-post-thumbnail","hentry","category-asayis"],"_links":{"self":[{"href":"https:\/\/www.egemtv.com\/index.php?rest_route=\/wp\/v2\/posts\/39288","targetHints":{"allow":["GET"]}}],"collection":[{"href":"https:\/\/www.egemtv.com\/index.php?rest_route=\/wp\/v2\/posts"}],"about":[{"href":"https:\/\/www.egemtv.com\/index.php?rest_route=\/wp\/v2\/types\/post"}],"author":[{"embeddable":true,"href":"https:\/\/www.egemtv.com\/index.php?rest_route=\/wp\/v2\/users\/1"}],"replies":[{"embeddable":true,"href":"https:\/\/www.egemtv.com\/index.php?rest_route=%2Fwp%2Fv2%2Fcomments&post=39288"}],"version-history":[{"count":1,"href":"https:\/\/www.egemtv.com\/index.php?rest_route=\/wp\/v2\/posts\/39288\/revisions"}],"predecessor-version":[{"id":39290,"href":"https:\/\/www.egemtv.com\/index.php?rest_route=\/wp\/v2\/posts\/39288\/revisions\/39290"}],"wp:featuredmedia":[{"embeddable":true,"href":"https:\/\/www.egemtv.com\/index.php?rest_route=\/wp\/v2\/media\/39289"}],"wp:attachment":[{"href":"https:\/\/www.egemtv.com\/index.php?rest_route=%2Fwp%2Fv2%2Fmedia&parent=39288"}],"wp:term":[{"taxonomy":"category","embeddable":true,"href":"https:\/\/www.egemtv.com\/index.php?rest_route=%2Fwp%2Fv2%2Fcategories&post=39288"},{"taxonomy":"post_tag","embeddable":true,"href":"https:\/\/www.egemtv.com\/index.php?rest_route=%2Fwp%2Fv2%2Ftags&post=39288"}],"curies":[{"name":"wp","href":"https:\/\/api.w.org\/{rel}","templated":true}]}}