{"id":39285,"date":"2025-07-02T09:36:39","date_gmt":"2025-07-02T06:36:39","guid":{"rendered":"https:\/\/www.egemtv.com\/?p=39285"},"modified":"2025-07-02T09:36:40","modified_gmt":"2025-07-02T06:36:40","slug":"jandarma-6-ayda-2-bin-aranan-sahsi-yakaladi","status":"publish","type":"post","link":"https:\/\/www.egemtv.com\/?p=39285","title":{"rendered":"Jandarma, 6 ayda 2 bin aranan \u015fahs\u0131 yakalad\u0131"},"content":{"rendered":"<p>Ayd\u0131n\u2019da jandarma ekiplerince son 6 ayda yap\u0131lan operasyonlarda \u00e7e\u015fitli su\u00e7lardan aranan toplam 2 bin 393 ki\u015fi yakaland\u0131.<br \/>\n<br \/>Ayd\u0131n \u0130l Jandarma Komutanl\u0131\u011f\u0131 JASAT Timleri ve \u0130l\u00e7e Jandarma Komutanlar\u0131 taraf\u0131ndan hakk\u0131nda yakalama karar\u0131 bulunan \u015fah\u0131slara y\u00f6nelik yap\u0131lan operasyonlar aral\u0131ks\u0131z devam ediyor. Bu kapsamda 1 Ocak-30 Haziran 2025 tarihleri aras\u0131nda yap\u0131lan operasyonlarda 0-5 y\u0131l aras\u0131 hapis cezas\u0131 ile aranmakta olan bin 250 \u015fah\u0131s, 5-10 y\u0131l aras\u0131 hapis cezas\u0131 ile aranmakta olan 79 \u015fah\u0131s, 10-20 y\u0131l aras\u0131 hapis cezas\u0131 ile aranmakta olan 98 \u015fah\u0131s, 20 y\u0131l \u00fczeri hapis cezas\u0131 ile aranmakta olan 34 \u015fah\u0131s ve ifadeye y\u00f6nelik aranan 832 \u015fah\u0131s olmak \u00fczere toplam 2 bin 393 aranan \u015fah\u0131s yakaland\u0131. Yakalananlar aras\u0131nda narkotik su\u00e7lardan su\u00e7undan 264 \u015fah\u0131s, h\u0131rs\u0131zl\u0131k su\u00e7undan 227 \u015fah\u0131s, yaralama su\u00e7undan 175 \u015fah\u0131s, doland\u0131r\u0131c\u0131l\u0131k su\u00e7undan 118 \u015fah\u0131s, cinsel su\u00e7lardan 51 \u015fah\u0131s, ya\u011fma su\u00e7undan 33 \u015fah\u0131s, \u00f6ld\u00fcrme su\u00e7undan 22 \u015fah\u0131s, ter\u00f6r su\u00e7undan 6 \u015fah\u0131s ve di\u011fer su\u00e7lardan bin 497 \u015fahs\u0131n oldu\u011fu tespit edildi. Aranan \u015fah\u0131slar\u0131n yakalanmas\u0131na y\u00f6nelik y\u00fcr\u00fct\u00fclen \u00e7al\u0131\u015fmalar\u0131n aral\u0131ks\u0131z devam edece\u011fi \u00f6\u011frenildi.<br \/><\/p>\n","protected":false},"excerpt":{"rendered":"<p>Ayd\u0131n\u2019da jandarma ekiplerince son 6 ayda yap\u0131lan operasyonlarda \u00e7e\u015fitli su\u00e7lardan aranan toplam 2 bin 393 ki\u015fi yakaland\u0131. Ayd\u0131n \u0130l Jandarma Komutanl\u0131\u011f\u0131 JASAT Timleri ve \u0130l\u00e7e Jandarma Komutanlar\u0131 taraf\u0131ndan hakk\u0131nda yakalama karar\u0131 bulunan \u015fah\u0131slara y\u00f6nelik yap\u0131lan operasyonlar aral\u0131ks\u0131z devam ediyor. Bu kapsamda 1 Ocak-30 Haziran 2025 tarihleri aras\u0131nda yap\u0131lan operasyonlarda 0-5 y\u0131l aras\u0131 hapis cezas\u0131 ile&#8230;<\/p>\n","protected":false},"author":1,"featured_media":39286,"comment_status":"open","ping_status":"open","sticky":false,"template":"","format":"standard","meta":{"_crdt_document":"","footnotes":""},"categories":[5],"tags":[],"class_list":["post-39285","post","type-post","status-publish","format-standard","has-post-thumbnail","hentry","category-asayis"],"_links":{"self":[{"href":"https:\/\/www.egemtv.com\/index.php?rest_route=\/wp\/v2\/posts\/39285","targetHints":{"allow":["GET"]}}],"collection":[{"href":"https:\/\/www.egemtv.com\/index.php?rest_route=\/wp\/v2\/posts"}],"about":[{"href":"https:\/\/www.egemtv.com\/index.php?rest_route=\/wp\/v2\/types\/post"}],"author":[{"embeddable":true,"href":"https:\/\/www.egemtv.com\/index.php?rest_route=\/wp\/v2\/users\/1"}],"replies":[{"embeddable":true,"href":"https:\/\/www.egemtv.com\/index.php?rest_route=%2Fwp%2Fv2%2Fcomments&post=39285"}],"version-history":[{"count":1,"href":"https:\/\/www.egemtv.com\/index.php?rest_route=\/wp\/v2\/posts\/39285\/revisions"}],"predecessor-version":[{"id":39287,"href":"https:\/\/www.egemtv.com\/index.php?rest_route=\/wp\/v2\/posts\/39285\/revisions\/39287"}],"wp:featuredmedia":[{"embeddable":true,"href":"https:\/\/www.egemtv.com\/index.php?rest_route=\/wp\/v2\/media\/39286"}],"wp:attachment":[{"href":"https:\/\/www.egemtv.com\/index.php?rest_route=%2Fwp%2Fv2%2Fmedia&parent=39285"}],"wp:term":[{"taxonomy":"category","embeddable":true,"href":"https:\/\/www.egemtv.com\/index.php?rest_route=%2Fwp%2Fv2%2Fcategories&post=39285"},{"taxonomy":"post_tag","embeddable":true,"href":"https:\/\/www.egemtv.com\/index.php?rest_route=%2Fwp%2Fv2%2Ftags&post=39285"}],"curies":[{"name":"wp","href":"https:\/\/api.w.org\/{rel}","templated":true}]}}