{"id":39282,"date":"2025-07-02T09:36:35","date_gmt":"2025-07-02T06:36:35","guid":{"rendered":"https:\/\/www.egemtv.com\/?p=39282"},"modified":"2025-07-02T09:36:39","modified_gmt":"2025-07-02T06:36:39","slug":"kutahyada-spora-yon-veren-ziyaret","status":"publish","type":"post","link":"https:\/\/www.egemtv.com\/?p=39282","title":{"rendered":"K\u00fctahya\u2019da spora y\u00f6n veren ziyaret"},"content":{"rendered":"<p>Gen\u00e7lik ve Spor Bakanl\u0131\u011f\u0131 Yat\u0131r\u0131m \u0130\u015flerinden Sorumlu Bakan M\u00fc\u015faviri Bora Selim, K\u00fctahya\u2019daki spor yat\u0131r\u0131mlar\u0131n\u0131 yerinde inceledi.<br \/>\n<br \/>K\u00fctahya Gen\u00e7lik ve Spor \u0130l M\u00fcd\u00fcrl\u00fc\u011f\u00fc\u2019ne ba\u011fl\u0131 spor tesislerinde ger\u00e7ekle\u015ftirilen incelemelerde, mevcut altyap\u0131n\u0131n durumu de\u011ferlendirilerek gen\u00e7li\u011fe ve spora y\u00f6nelik yeni projeler \u00fczerine g\u00f6r\u00fc\u015f al\u0131\u015fveri\u015finde bulunuldu. \u015eehrin spor vizyonuna katk\u0131 sa\u011flayacak yat\u0131r\u0131mlar\u0131n planlamas\u0131 noktas\u0131nda \u00f6nemli ad\u0131mlar at\u0131ld\u0131.<br \/>\n<br \/>Ger\u00e7ekle\u015ftirilen ziyaretle ilgili de\u011ferlendirmede bulunan K\u00fctahya Gen\u00e7lik ve Spor \u0130l M\u00fcd\u00fcr\u00fc B\u00fclent K\u00fc\u00e7\u00fck, \u015fu ifadelere yer verdi:  &#8220;Ger\u00e7ekle\u015ftirilen saha incelemelerinde, mevcut altyap\u0131n\u0131n durumu g\u00f6zlemlenerek gen\u00e7li\u011fe ve spora daha g\u00fc\u00e7l\u00fc imk\u00e2nlar sunacak projeler \u00fczerine isti\u015farelerde bulunuldu. Her yat\u0131r\u0131m, gen\u00e7lerimizin sporla bulu\u015ftu\u011fu sa\u011fl\u0131kl\u0131 ve g\u00fcvenli alanlara d\u00f6n\u00fc\u015f\u00fcrken; bu ad\u0131mlar ayn\u0131 zamanda gelece\u011fe yap\u0131lan kal\u0131c\u0131 hizmetler olarak ilimizin spor vizyonuna y\u00f6n vermektedir. \u0130limizin spor vizyonuna de\u011ferli katk\u0131lar sunan ve gelece\u011fe dair ortak hedeflerde bulu\u015fmam\u0131za vesile olan bu nazik ziyaretlerinden dolay\u0131 Gen\u00e7lik ve Spor Bakanl\u0131\u011f\u0131m\u0131za ve k\u0131ymetli heyet \u00fcyelerine i\u00e7ten te\u015fekk\u00fcrlerimizi sunuyoruz.&#8221;<br \/><\/p>\n","protected":false},"excerpt":{"rendered":"<p>Gen\u00e7lik ve Spor Bakanl\u0131\u011f\u0131 Yat\u0131r\u0131m \u0130\u015flerinden Sorumlu Bakan M\u00fc\u015faviri Bora Selim, K\u00fctahya\u2019daki spor yat\u0131r\u0131mlar\u0131n\u0131 yerinde inceledi. K\u00fctahya Gen\u00e7lik ve Spor \u0130l M\u00fcd\u00fcrl\u00fc\u011f\u00fc\u2019ne ba\u011fl\u0131 spor tesislerinde ger\u00e7ekle\u015ftirilen incelemelerde, mevcut altyap\u0131n\u0131n durumu de\u011ferlendirilerek gen\u00e7li\u011fe ve spora y\u00f6nelik yeni projeler \u00fczerine g\u00f6r\u00fc\u015f al\u0131\u015fveri\u015finde bulunuldu. \u015eehrin spor vizyonuna katk\u0131 sa\u011flayacak yat\u0131r\u0131mlar\u0131n planlamas\u0131 noktas\u0131nda \u00f6nemli ad\u0131mlar at\u0131ld\u0131. Ger\u00e7ekle\u015ftirilen ziyaretle ilgili&#8230;<\/p>\n","protected":false},"author":1,"featured_media":39283,"comment_status":"open","ping_status":"open","sticky":false,"template":"","format":"standard","meta":{"_crdt_document":"","footnotes":""},"categories":[4],"tags":[],"class_list":["post-39282","post","type-post","status-publish","format-standard","has-post-thumbnail","hentry","category-spor"],"_links":{"self":[{"href":"https:\/\/www.egemtv.com\/index.php?rest_route=\/wp\/v2\/posts\/39282","targetHints":{"allow":["GET"]}}],"collection":[{"href":"https:\/\/www.egemtv.com\/index.php?rest_route=\/wp\/v2\/posts"}],"about":[{"href":"https:\/\/www.egemtv.com\/index.php?rest_route=\/wp\/v2\/types\/post"}],"author":[{"embeddable":true,"href":"https:\/\/www.egemtv.com\/index.php?rest_route=\/wp\/v2\/users\/1"}],"replies":[{"embeddable":true,"href":"https:\/\/www.egemtv.com\/index.php?rest_route=%2Fwp%2Fv2%2Fcomments&post=39282"}],"version-history":[{"count":1,"href":"https:\/\/www.egemtv.com\/index.php?rest_route=\/wp\/v2\/posts\/39282\/revisions"}],"predecessor-version":[{"id":39284,"href":"https:\/\/www.egemtv.com\/index.php?rest_route=\/wp\/v2\/posts\/39282\/revisions\/39284"}],"wp:featuredmedia":[{"embeddable":true,"href":"https:\/\/www.egemtv.com\/index.php?rest_route=\/wp\/v2\/media\/39283"}],"wp:attachment":[{"href":"https:\/\/www.egemtv.com\/index.php?rest_route=%2Fwp%2Fv2%2Fmedia&parent=39282"}],"wp:term":[{"taxonomy":"category","embeddable":true,"href":"https:\/\/www.egemtv.com\/index.php?rest_route=%2Fwp%2Fv2%2Fcategories&post=39282"},{"taxonomy":"post_tag","embeddable":true,"href":"https:\/\/www.egemtv.com\/index.php?rest_route=%2Fwp%2Fv2%2Ftags&post=39282"}],"curies":[{"name":"wp","href":"https:\/\/api.w.org\/{rel}","templated":true}]}}