{"id":39279,"date":"2025-07-02T09:36:29","date_gmt":"2025-07-02T06:36:29","guid":{"rendered":"https:\/\/www.egemtv.com\/?p=39279"},"modified":"2025-07-02T09:36:34","modified_gmt":"2025-07-02T06:36:34","slug":"germencikli-kadinlar-sporla-bulustu","status":"publish","type":"post","link":"https:\/\/www.egemtv.com\/?p=39279","title":{"rendered":"Germencikli kad\u0131nlar sporla bulu\u015ftu"},"content":{"rendered":"<p>Germencik Belediyesi taraf\u0131ndan d\u00fczenlenen yoga, pilates ve zumba kurslar\u0131na yo\u011fun ilgi g\u00f6steren kad\u0131nlar, uzman e\u011fitmenler e\u015fli\u011finde havuz ba\u015f\u0131nda spor yapma imkan\u0131 buluyor.<\/p>\n<p>Germencik Belediyesi, kad\u0131nlara y\u00f6nelik d\u00fczenledi\u011fi zumba, pilates ve yoga kurslar\u0131yla hem sa\u011fl\u0131kl\u0131 ya\u015fam\u0131 te\u015fvik etmeye hem de sosyal dayan\u0131\u015fmay\u0131 g\u00fc\u00e7lendirmeye devam ediyor. Belediye Ba\u015fkan\u0131 Burak Zencirci \u00f6nc\u00fcl\u00fc\u011f\u00fcnde devam eden kurslara Germencikli kad\u0131nlar\u0131n ilgisi yo\u011fun olurken, kurslar yaz aylar\u0131n\u0131n keyfini art\u0131rmak i\u00e7in bu kez havuz ba\u015f\u0131nda ger\u00e7ekle\u015ftirildi. Kad\u0131nlar, uzman e\u011fitmenler e\u015fli\u011finde spor yapma f\u0131rsat\u0131 bulurken, etkinlik renkli g\u00f6r\u00fcnt\u00fclere de sahne oldu.<\/p>\n<p>Sporun sadece sa\u011fl\u0131k de\u011fil, ayn\u0131 zamanda sosyal bir bulu\u015fma noktas\u0131 oldu\u011funu vurgulayan Germencik Belediye Ba\u015fkan\u0131 Burak Zencirci; &#8220;Uzman e\u011fitmenlerimiz e\u015fli\u011finde kad\u0131nlar\u0131m\u0131za y\u00f6nelik zumba, pilates ve yoga kurslar\u0131m\u0131z devam ediyor. Vatanda\u015flar\u0131m\u0131za hem sosyal bir ortam hem de sa\u011fl\u0131kl\u0131 bir ya\u015fam sunmak i\u00e7in \u00e7al\u0131\u015fmalar\u0131m\u0131z\u0131 s\u00fcrd\u00fcr\u00fcyoruz&#8221; dedi.<br \/><\/p>\n","protected":false},"excerpt":{"rendered":"<p>Germencik Belediyesi taraf\u0131ndan d\u00fczenlenen yoga, pilates ve zumba kurslar\u0131na yo\u011fun ilgi g\u00f6steren kad\u0131nlar, uzman e\u011fitmenler e\u015fli\u011finde havuz ba\u015f\u0131nda spor yapma imkan\u0131 buluyor. Germencik Belediyesi, kad\u0131nlara y\u00f6nelik d\u00fczenledi\u011fi zumba, pilates ve yoga kurslar\u0131yla hem sa\u011fl\u0131kl\u0131 ya\u015fam\u0131 te\u015fvik etmeye hem de sosyal dayan\u0131\u015fmay\u0131 g\u00fc\u00e7lendirmeye devam ediyor. Belediye Ba\u015fkan\u0131 Burak Zencirci \u00f6nc\u00fcl\u00fc\u011f\u00fcnde devam eden kurslara Germencikli kad\u0131nlar\u0131n ilgisi&#8230;<\/p>\n","protected":false},"author":1,"featured_media":39280,"comment_status":"open","ping_status":"open","sticky":false,"template":"","format":"standard","meta":{"_crdt_document":"","footnotes":""},"categories":[4],"tags":[],"class_list":["post-39279","post","type-post","status-publish","format-standard","has-post-thumbnail","hentry","category-spor"],"_links":{"self":[{"href":"https:\/\/www.egemtv.com\/index.php?rest_route=\/wp\/v2\/posts\/39279","targetHints":{"allow":["GET"]}}],"collection":[{"href":"https:\/\/www.egemtv.com\/index.php?rest_route=\/wp\/v2\/posts"}],"about":[{"href":"https:\/\/www.egemtv.com\/index.php?rest_route=\/wp\/v2\/types\/post"}],"author":[{"embeddable":true,"href":"https:\/\/www.egemtv.com\/index.php?rest_route=\/wp\/v2\/users\/1"}],"replies":[{"embeddable":true,"href":"https:\/\/www.egemtv.com\/index.php?rest_route=%2Fwp%2Fv2%2Fcomments&post=39279"}],"version-history":[{"count":1,"href":"https:\/\/www.egemtv.com\/index.php?rest_route=\/wp\/v2\/posts\/39279\/revisions"}],"predecessor-version":[{"id":39281,"href":"https:\/\/www.egemtv.com\/index.php?rest_route=\/wp\/v2\/posts\/39279\/revisions\/39281"}],"wp:featuredmedia":[{"embeddable":true,"href":"https:\/\/www.egemtv.com\/index.php?rest_route=\/wp\/v2\/media\/39280"}],"wp:attachment":[{"href":"https:\/\/www.egemtv.com\/index.php?rest_route=%2Fwp%2Fv2%2Fmedia&parent=39279"}],"wp:term":[{"taxonomy":"category","embeddable":true,"href":"https:\/\/www.egemtv.com\/index.php?rest_route=%2Fwp%2Fv2%2Fcategories&post=39279"},{"taxonomy":"post_tag","embeddable":true,"href":"https:\/\/www.egemtv.com\/index.php?rest_route=%2Fwp%2Fv2%2Ftags&post=39279"}],"curies":[{"name":"wp","href":"https:\/\/api.w.org\/{rel}","templated":true}]}}