{"id":39276,"date":"2025-07-02T09:16:05","date_gmt":"2025-07-02T06:16:05","guid":{"rendered":"https:\/\/www.egemtv.com\/?p=39276"},"modified":"2025-07-02T09:16:09","modified_gmt":"2025-07-02T06:16:09","slug":"yemyesil-bir-yunusemre-icin-calismalar-suruyor","status":"publish","type":"post","link":"https:\/\/www.egemtv.com\/?p=39276","title":{"rendered":"Yemye\u015fil bir Yunusemre i\u00e7in \u00e7al\u0131\u015fmalar s\u00fcr\u00fcyor"},"content":{"rendered":"<p>Yunusemre Belediyesi, vatanda\u015flar\u0131n daha g\u00fczel ve temiz bir \u015fehirde ya\u015famas\u0131 amac\u0131yla il\u00e7edeki park ve bah\u00e7elerde bak\u0131m, onar\u0131m ve temizlik \u00e7al\u0131\u015fmalar\u0131n\u0131 s\u00fcrd\u00fcr\u00fcyor. \u00c7al\u0131\u015fmalar\u0131 yerinde inceleyen Yunusemre Belediye Ba\u015fkan\u0131 Semih Balaban, &#8220;Yunusemre\u2019de ya\u015fam temiz ve g\u00fczel olacak&#8221; dedi.<br \/>\n<br \/>\u0130l\u00e7edeki park ve bah\u00e7e bak\u0131m \u00e7al\u0131\u015fmas\u0131 ba\u015flatan Yunusemre Belediyesi, \u00e7al\u0131\u015fmalar\u0131n\u0131 t\u00fcm h\u0131z\u0131yla s\u00fcrd\u00fcr\u00fcyor. \u00c7al\u0131\u015fmalar kapsam\u0131nda, 75. Y\u0131l Mahallesi\u2019nde Park ve Bah\u00e7eler M\u00fcd\u00fcrl\u00fc\u011f\u00fc ile Temizlik \u0130\u015fleri M\u00fcd\u00fcrl\u00fc\u011f\u00fc ekipleri ortak bir \u00e7al\u0131\u015fma y\u00fcr\u00fct\u00fcyor. Bu kapsamda oyun gruplar\u0131nda tamir ve bak\u0131m yap\u0131l\u0131rken; kald\u0131r\u0131mlarda ot temizli\u011fi, \u00e7im bi\u00e7me, a\u011fa\u00e7 budama ve genel temizlik faaliyetleri de ger\u00e7ekle\u015ftiriliyor. Yaz aylar\u0131 boyunca s\u00fcrmesi planlanan \u00e7al\u0131\u015fmalar her g\u00fcn farkl\u0131 bir mahallede uygulanacak. \u00c7al\u0131\u015fmalar\u0131 yak\u0131ndan takip eden Ba\u015fkan Balaban, y\u00fcr\u00fct\u00fclen faaliyete ili\u015fkin bilgi verdi.<\/p>\n<p>\u2018Yunusemre temiz ve g\u00fczel olacak\u2019<br \/>\n<br \/>Ba\u015fkan Balaban a\u00e7\u0131klamas\u0131nda, &#8220;Park ve Bah\u00e7eler ile Temizlik \u0130\u015fleri M\u00fcd\u00fcrl\u00fcklerimizin hafta ba\u015f\u0131ndan bu yana y\u00fcr\u00fctt\u00fc\u011f\u00fc ortak \u00e7al\u0131\u015fma 75. Y\u0131l Mahalle\u2019mizde devam ediyor. Yaz boyunca her g\u00fcn farkl\u0131 bir mahallede ekiplerimiz g\u00f6rev yapacak. \u00d6nce park ve bah\u00e7eler ekibimiz otlar\u0131 temizleyip a\u011fa\u00e7lar\u0131 budayacak, ard\u0131ndan temizlik i\u015fleri ekiplerimiz genel temizli\u011fi ger\u00e7ekle\u015ftirecek. B\u00f6ylece temiz bir Yunusemre, temiz bir ya\u015fam m\u00fcmk\u00fcn olacak. Yaz s\u0131ca\u011f\u0131nda b\u00fcy\u00fck bir \u00f6zveriyle \u00e7al\u0131\u015fan t\u00fcm idari personelimize ve saha ekiplerimize te\u015fekk\u00fcr ediyorum. Herkesin eme\u011fine sa\u011fl\u0131k. Yunusemre\u2019de ya\u015fam temiz ve g\u00fczel olacak&#8221; ifadelerini kulland\u0131.<br \/><\/p>\n","protected":false},"excerpt":{"rendered":"<p>Yunusemre Belediyesi, vatanda\u015flar\u0131n daha g\u00fczel ve temiz bir \u015fehirde ya\u015famas\u0131 amac\u0131yla il\u00e7edeki park ve bah\u00e7elerde bak\u0131m, onar\u0131m ve temizlik \u00e7al\u0131\u015fmalar\u0131n\u0131 s\u00fcrd\u00fcr\u00fcyor. \u00c7al\u0131\u015fmalar\u0131 yerinde inceleyen Yunusemre Belediye Ba\u015fkan\u0131 Semih Balaban, &#8220;Yunusemre\u2019de ya\u015fam temiz ve g\u00fczel olacak&#8221; dedi. \u0130l\u00e7edeki park ve bah\u00e7e bak\u0131m \u00e7al\u0131\u015fmas\u0131 ba\u015flatan Yunusemre Belediyesi, \u00e7al\u0131\u015fmalar\u0131n\u0131 t\u00fcm h\u0131z\u0131yla s\u00fcrd\u00fcr\u00fcyor. \u00c7al\u0131\u015fmalar kapsam\u0131nda, 75. Y\u0131l Mahallesi\u2019nde Park&#8230;<\/p>\n","protected":false},"author":1,"featured_media":39277,"comment_status":"open","ping_status":"open","sticky":false,"template":"","format":"standard","meta":{"_crdt_document":"","footnotes":""},"categories":[1],"tags":[],"class_list":["post-39276","post","type-post","status-publish","format-standard","has-post-thumbnail","hentry","category-guncel"],"_links":{"self":[{"href":"https:\/\/www.egemtv.com\/index.php?rest_route=\/wp\/v2\/posts\/39276","targetHints":{"allow":["GET"]}}],"collection":[{"href":"https:\/\/www.egemtv.com\/index.php?rest_route=\/wp\/v2\/posts"}],"about":[{"href":"https:\/\/www.egemtv.com\/index.php?rest_route=\/wp\/v2\/types\/post"}],"author":[{"embeddable":true,"href":"https:\/\/www.egemtv.com\/index.php?rest_route=\/wp\/v2\/users\/1"}],"replies":[{"embeddable":true,"href":"https:\/\/www.egemtv.com\/index.php?rest_route=%2Fwp%2Fv2%2Fcomments&post=39276"}],"version-history":[{"count":1,"href":"https:\/\/www.egemtv.com\/index.php?rest_route=\/wp\/v2\/posts\/39276\/revisions"}],"predecessor-version":[{"id":39278,"href":"https:\/\/www.egemtv.com\/index.php?rest_route=\/wp\/v2\/posts\/39276\/revisions\/39278"}],"wp:featuredmedia":[{"embeddable":true,"href":"https:\/\/www.egemtv.com\/index.php?rest_route=\/wp\/v2\/media\/39277"}],"wp:attachment":[{"href":"https:\/\/www.egemtv.com\/index.php?rest_route=%2Fwp%2Fv2%2Fmedia&parent=39276"}],"wp:term":[{"taxonomy":"category","embeddable":true,"href":"https:\/\/www.egemtv.com\/index.php?rest_route=%2Fwp%2Fv2%2Fcategories&post=39276"},{"taxonomy":"post_tag","embeddable":true,"href":"https:\/\/www.egemtv.com\/index.php?rest_route=%2Fwp%2Fv2%2Ftags&post=39276"}],"curies":[{"name":"wp","href":"https:\/\/api.w.org\/{rel}","templated":true}]}}