{"id":39273,"date":"2025-07-02T08:15:14","date_gmt":"2025-07-02T05:15:14","guid":{"rendered":"https:\/\/www.egemtv.com\/?p=39273"},"modified":"2025-07-02T08:15:19","modified_gmt":"2025-07-02T05:15:19","slug":"denizlide-belediye-otobusunun-carptigi-yasli-adam-oldu","status":"publish","type":"post","link":"https:\/\/www.egemtv.com\/?p=39273","title":{"rendered":"Denizli\u2019de belediye otob\u00fcs\u00fcn\u00fcn \u00e7arpt\u0131\u011f\u0131 ya\u015fl\u0131 adam \u00f6ld\u00fc"},"content":{"rendered":"<p>Denizli\u2019nin Merkezefendi il\u00e7esinde kar\u015f\u0131dan kar\u015f\u0131ya ge\u00e7mek isteyen ya\u015fl\u0131 adama \u00f6nce Denizli B\u00fcy\u00fck\u015fehir Belediyesine ait belediye otob\u00fcs\u00fc ard\u0131ndan ise ba\u015fka bir arac\u0131n \u00e7arpmas\u0131 sonucu a\u011f\u0131r yaral\u0131 olarak kald\u0131r\u0131ld\u0131\u011f\u0131 hastanede 3 g\u00fcnl\u00fck ya\u015fam m\u00fccadelesinin ard\u0131ndan hayat\u0131n\u0131 kaybetti.<\/p>\n<p>Kaza, Merkezefendi il\u00e7esi Albayrak Meydan\u0131\u2019nda meydana geldi. Edinilen bilgilere g\u00f6re, yaya olarak yolun kar\u015f\u0131s\u0131na ge\u00e7meye \u00e7al\u0131\u015fan Kadir Keyik\u2019e (80), seyir halindeki hen\u00fcz plakas\u0131 belirlenemeyen Denizli B\u00fcy\u00fck\u015fehir Belediyesi\u2019ne ait belediye otob\u00fcs\u00fc \u00e7arpt\u0131. \u00c7arpman\u0131n etkisiyle Kadir Keyik yola savruldu. Ard\u0131ndan ise Kadir Keyik\u2019e seyir halindeki hen\u00fcz plakas\u0131 belirlenemeyen ba\u015fka ara\u00e7 \u00e7arpt\u0131. \u00c7evredeki vatanda\u015flar durumu 112 Acil \u00c7a\u011fr\u0131 Merkezine bildirdi. \u0130hbar \u00fczerine b\u00f6lgeye polis ve sa\u011fl\u0131k ekipleri sevk edildi.<\/p>\n<p>B\u00f6lgeye gelen sa\u011fl\u0131k ekipleri a\u011f\u0131r yaralanan Kadir Keyik\u2019e olay yerinde ilk m\u00fcdahalelerin ard\u0131ndan ambulans ile hastaneye sevk etti. Hastanede yo\u011fun bak\u0131ma al\u0131nan Kadir Keyik, 3 g\u00fcn s\u00fcren ya\u015fam m\u00fccadelesini ard\u0131ndan doktorlar\u0131n t\u00fcm \u00e7abalar\u0131na ra\u011fmen hayat\u0131n\u0131 kaybetti. Kadir Keyik\u2019in vefat\u0131, ailesi ve sevenlerini yasa bo\u011farken cenazesi Babada\u011f il\u00e7esi Kelleci Mahallesi\u2019nde defin edilece\u011fi belirtildi.<\/p>\n<p>Kazayla ilgili olarak hem otob\u00fcs \u015fof\u00f6r\u00fc hem de arac\u0131n s\u00fcr\u00fcc\u00fcs\u00fc hakk\u0131nda adli i\u015flem ba\u015flat\u0131l\u0131rken, polis ekipleri olayla ilgili soru\u015fturman\u0131n devam etti\u011fini bildirdi.<br \/><\/p>\n","protected":false},"excerpt":{"rendered":"<p>Denizli\u2019nin Merkezefendi il\u00e7esinde kar\u015f\u0131dan kar\u015f\u0131ya ge\u00e7mek isteyen ya\u015fl\u0131 adama \u00f6nce Denizli B\u00fcy\u00fck\u015fehir Belediyesine ait belediye otob\u00fcs\u00fc ard\u0131ndan ise ba\u015fka bir arac\u0131n \u00e7arpmas\u0131 sonucu a\u011f\u0131r yaral\u0131 olarak kald\u0131r\u0131ld\u0131\u011f\u0131 hastanede 3 g\u00fcnl\u00fck ya\u015fam m\u00fccadelesinin ard\u0131ndan hayat\u0131n\u0131 kaybetti. Kaza, Merkezefendi il\u00e7esi Albayrak Meydan\u0131\u2019nda meydana geldi. Edinilen bilgilere g\u00f6re, yaya olarak yolun kar\u015f\u0131s\u0131na ge\u00e7meye \u00e7al\u0131\u015fan Kadir Keyik\u2019e (80), seyir&#8230;<\/p>\n","protected":false},"author":1,"featured_media":39274,"comment_status":"open","ping_status":"open","sticky":false,"template":"","format":"standard","meta":{"_crdt_document":"","footnotes":""},"categories":[5],"tags":[],"class_list":["post-39273","post","type-post","status-publish","format-standard","has-post-thumbnail","hentry","category-asayis"],"_links":{"self":[{"href":"https:\/\/www.egemtv.com\/index.php?rest_route=\/wp\/v2\/posts\/39273","targetHints":{"allow":["GET"]}}],"collection":[{"href":"https:\/\/www.egemtv.com\/index.php?rest_route=\/wp\/v2\/posts"}],"about":[{"href":"https:\/\/www.egemtv.com\/index.php?rest_route=\/wp\/v2\/types\/post"}],"author":[{"embeddable":true,"href":"https:\/\/www.egemtv.com\/index.php?rest_route=\/wp\/v2\/users\/1"}],"replies":[{"embeddable":true,"href":"https:\/\/www.egemtv.com\/index.php?rest_route=%2Fwp%2Fv2%2Fcomments&post=39273"}],"version-history":[{"count":1,"href":"https:\/\/www.egemtv.com\/index.php?rest_route=\/wp\/v2\/posts\/39273\/revisions"}],"predecessor-version":[{"id":39275,"href":"https:\/\/www.egemtv.com\/index.php?rest_route=\/wp\/v2\/posts\/39273\/revisions\/39275"}],"wp:featuredmedia":[{"embeddable":true,"href":"https:\/\/www.egemtv.com\/index.php?rest_route=\/wp\/v2\/media\/39274"}],"wp:attachment":[{"href":"https:\/\/www.egemtv.com\/index.php?rest_route=%2Fwp%2Fv2%2Fmedia&parent=39273"}],"wp:term":[{"taxonomy":"category","embeddable":true,"href":"https:\/\/www.egemtv.com\/index.php?rest_route=%2Fwp%2Fv2%2Fcategories&post=39273"},{"taxonomy":"post_tag","embeddable":true,"href":"https:\/\/www.egemtv.com\/index.php?rest_route=%2Fwp%2Fv2%2Ftags&post=39273"}],"curies":[{"name":"wp","href":"https:\/\/api.w.org\/{rel}","templated":true}]}}