{"id":39270,"date":"2025-07-02T08:15:08","date_gmt":"2025-07-02T05:15:08","guid":{"rendered":"https:\/\/www.egemtv.com\/?p=39270"},"modified":"2025-07-02T08:15:14","modified_gmt":"2025-07-02T05:15:14","slug":"ari-sokmasi-sonucu-fenalasan-yasli-adam-kaldirildigi-hastanede-hayatini-kaybetti","status":"publish","type":"post","link":"https:\/\/www.egemtv.com\/?p=39270","title":{"rendered":"Ar\u0131 sokmas\u0131 sonucu fenala\u015fan ya\u015fl\u0131 adam, kald\u0131r\u0131ld\u0131\u011f\u0131 hastanede hayat\u0131n\u0131 kaybetti"},"content":{"rendered":"<p>Denizli\u2019de ar\u0131 sokmas\u0131 sonucu fenala\u015farak hastaneye kald\u0131r\u0131lan ya\u015fl\u0131 adam hastanede 3 g\u00fcn yo\u011fum bak\u0131m\u0131ndan ard\u0131ndan ya\u015fam m\u00fccadelesinin ard\u0131ndan hayat\u0131n\u0131 kaybetti.<\/p>\n<p>Olay, Pamukkale il\u00e7esi Karata\u015f Mahallesi\u2019nde meydana geldi. Edinilen bilgilere g\u00f6re, 55 ya\u015f\u0131ndaki H\u00fcseyin Karata\u015f\u2019a ar\u0131 soktu. Sokman\u0131n ard\u0131ndan aniden fenala\u015fan H\u00fcseyin Karata\u015f\u2019\u0131n yak\u0131nlar\u0131 durumu 112 Acil \u00c7a\u011fr\u0131 Merkezine bildirdi. Olay yerine sa\u011fl\u0131k ekipleri ilk m\u00fcdahalelerin ard\u0131ndan ambulans ile hastaneye sevk etti.<\/p>\n<p>Hastanede yo\u011fun bak\u0131m \u00fcnitesine al\u0131nan Karata\u015f\u2019\u0131n, ar\u0131 alerjisi nedeniyle anafilaktik \u015foka girdi\u011fi \u00f6\u011frenildi. Hastanede tedavi g\u00f6ren H\u00fcseyin Karata\u015f 3 g\u00fcnl\u00fck ya\u015fam m\u00fccadelesinin ard\u0131ndan doktorlar\u0131n t\u00fcm m\u00fcdahalelerin ard\u0131ndan hayat\u0131n\u0131 kaybetti. H\u00fcseyin Karata\u015f\u2019\u0131n vefat\u0131 yak\u0131nlar\u0131 taraf\u0131ndan b\u00fcy\u00fck \u00fcz\u00fcnt\u00fcye neden oldu.<\/p>\n<p>Hayat\u0131n\u0131 kaybeden H\u00fcseyin Karata\u015f, Ba\u011fba\u015f\u0131 Merkez camide k\u0131l\u0131nan cenaze namaz\u0131n\u0131n ard\u0131ndan Ba\u011fba\u015f\u0131 mezarl\u0131\u011f\u0131na defnedildi.<br \/><\/p>\n","protected":false},"excerpt":{"rendered":"<p>Denizli\u2019de ar\u0131 sokmas\u0131 sonucu fenala\u015farak hastaneye kald\u0131r\u0131lan ya\u015fl\u0131 adam hastanede 3 g\u00fcn yo\u011fum bak\u0131m\u0131ndan ard\u0131ndan ya\u015fam m\u00fccadelesinin ard\u0131ndan hayat\u0131n\u0131 kaybetti. Olay, Pamukkale il\u00e7esi Karata\u015f Mahallesi\u2019nde meydana geldi. Edinilen bilgilere g\u00f6re, 55 ya\u015f\u0131ndaki H\u00fcseyin Karata\u015f\u2019a ar\u0131 soktu. Sokman\u0131n ard\u0131ndan aniden fenala\u015fan H\u00fcseyin Karata\u015f\u2019\u0131n yak\u0131nlar\u0131 durumu 112 Acil \u00c7a\u011fr\u0131 Merkezine bildirdi. Olay yerine sa\u011fl\u0131k ekipleri ilk m\u00fcdahalelerin&#8230;<\/p>\n","protected":false},"author":1,"featured_media":39271,"comment_status":"open","ping_status":"open","sticky":false,"template":"","format":"standard","meta":{"_crdt_document":"","footnotes":""},"categories":[5],"tags":[],"class_list":["post-39270","post","type-post","status-publish","format-standard","has-post-thumbnail","hentry","category-asayis"],"_links":{"self":[{"href":"https:\/\/www.egemtv.com\/index.php?rest_route=\/wp\/v2\/posts\/39270","targetHints":{"allow":["GET"]}}],"collection":[{"href":"https:\/\/www.egemtv.com\/index.php?rest_route=\/wp\/v2\/posts"}],"about":[{"href":"https:\/\/www.egemtv.com\/index.php?rest_route=\/wp\/v2\/types\/post"}],"author":[{"embeddable":true,"href":"https:\/\/www.egemtv.com\/index.php?rest_route=\/wp\/v2\/users\/1"}],"replies":[{"embeddable":true,"href":"https:\/\/www.egemtv.com\/index.php?rest_route=%2Fwp%2Fv2%2Fcomments&post=39270"}],"version-history":[{"count":1,"href":"https:\/\/www.egemtv.com\/index.php?rest_route=\/wp\/v2\/posts\/39270\/revisions"}],"predecessor-version":[{"id":39272,"href":"https:\/\/www.egemtv.com\/index.php?rest_route=\/wp\/v2\/posts\/39270\/revisions\/39272"}],"wp:featuredmedia":[{"embeddable":true,"href":"https:\/\/www.egemtv.com\/index.php?rest_route=\/wp\/v2\/media\/39271"}],"wp:attachment":[{"href":"https:\/\/www.egemtv.com\/index.php?rest_route=%2Fwp%2Fv2%2Fmedia&parent=39270"}],"wp:term":[{"taxonomy":"category","embeddable":true,"href":"https:\/\/www.egemtv.com\/index.php?rest_route=%2Fwp%2Fv2%2Fcategories&post=39270"},{"taxonomy":"post_tag","embeddable":true,"href":"https:\/\/www.egemtv.com\/index.php?rest_route=%2Fwp%2Fv2%2Ftags&post=39270"}],"curies":[{"name":"wp","href":"https:\/\/api.w.org\/{rel}","templated":true}]}}