{"id":39267,"date":"2025-07-02T01:14:56","date_gmt":"2025-07-01T22:14:56","guid":{"rendered":"https:\/\/www.egemtv.com\/?p=39267"},"modified":"2025-07-02T01:15:01","modified_gmt":"2025-07-01T22:15:01","slug":"koycegiz-plaj-hentbolu-turnuvasi-basladi","status":"publish","type":"post","link":"https:\/\/www.egemtv.com\/?p=39267","title":{"rendered":"K\u00f6yce\u011fiz Plaj Hentbolu Turnuvas\u0131 ba\u015flad\u0131"},"content":{"rendered":"<p>Mu\u011fla\u2019n\u0131n K\u00f6yce\u011fiz il\u00e7esinde T\u00fcrkiye \u00dcniversiteler Aras\u0131 26. Ya\u015far Sevim Plaj Hentbolu Turnuvas\u0131 a\u00e7\u0131l\u0131\u015f m\u00fcsabakas\u0131 ile ba\u015flad\u0131.<\/p>\n<p>K\u00f6yce\u011fiz Delta Plaj\u0131\u2019nda 01-05 Temmuz 2025 tarihleri aras\u0131nda yap\u0131lacak olan 26. \u00dcniversiteler aras\u0131 Prof. Dr. Ya\u015far Sevim Plaj Hentbolu T\u00fcrkiye \u015eampiyonas\u0131\u2019nda ilk olarak Atat\u00fcrk Meydan\u0131\u2019nda \u00e7elenk sunma t\u00f6reni ger\u00e7ekle\u015ftirildi. T\u00f6renin ard\u0131ndan sporcularla kortej y\u00fcr\u00fcy\u00fc\u015f\u00fc yap\u0131ld\u0131. K\u00f6yce\u011fiz Atat\u00fcrk Kordonu\u2019nda yap\u0131lan y\u00fcr\u00fcy\u00fc\u015fte co\u015fku doruktayd\u0131. Mar\u015flarla yap\u0131lan y\u00fcr\u00fcy\u00fc\u015f K\u00f6yce\u011fiz Delta Plaj\u0131\u2019nda sona erdi. A\u00e7\u0131l\u0131\u015f konu\u015fmalar\u0131ndan sonra plaket t\u00f6renine ge\u00e7ildi. Plaket takdiminin akabinde a\u00e7\u0131l\u0131\u015f m\u00fcsabakas\u0131 ile turnuva resmen ba\u015flad\u0131.  T\u00fcrkiye \u00dcniversiteler Aras\u0131 26. Prof. Dr. Ya\u015far Sevim Plaj Hentbolu Turnuvas\u0131\u2019na; Erciyes \u00dcniversitesi, Kocaeli \u00dcniversitesi, Gazi \u00dcniversitesi, K\u00fctahya Dumlup\u0131nar \u00dcniversitesi, Ortado\u011fu Teknik \u00dcniversitesi, Marmara \u00dcniversitesi, Akdeniz \u00dcniversitesi, Bursa Uluda\u011f \u00dcniversitesi, At\u0131l\u0131m \u00dcniversitesi, Mu\u011fla S\u0131tk\u0131 Ko\u00e7man \u00dcniversitesi, \u0130stanbul Medipol \u00dcniversitesi ve \u00d6zye\u011fin \u00dcniversitesi tak\u0131mlar\u0131 kat\u0131lacak. 9 kad\u0131n 9 erkek olmak \u00fczere 18 tak\u0131m\u0131n m\u00fccadele edece\u011fi turnuva 5 Temmuz\u2019da \u00f6d\u00fcl t\u00f6reni ile sona erecek.<br \/><\/p>\n","protected":false},"excerpt":{"rendered":"<p>Mu\u011fla\u2019n\u0131n K\u00f6yce\u011fiz il\u00e7esinde T\u00fcrkiye \u00dcniversiteler Aras\u0131 26. Ya\u015far Sevim Plaj Hentbolu Turnuvas\u0131 a\u00e7\u0131l\u0131\u015f m\u00fcsabakas\u0131 ile ba\u015flad\u0131. K\u00f6yce\u011fiz Delta Plaj\u0131\u2019nda 01-05 Temmuz 2025 tarihleri aras\u0131nda yap\u0131lacak olan 26. \u00dcniversiteler aras\u0131 Prof. Dr. Ya\u015far Sevim Plaj Hentbolu T\u00fcrkiye \u015eampiyonas\u0131\u2019nda ilk olarak Atat\u00fcrk Meydan\u0131\u2019nda \u00e7elenk sunma t\u00f6reni ger\u00e7ekle\u015ftirildi. T\u00f6renin ard\u0131ndan sporcularla kortej y\u00fcr\u00fcy\u00fc\u015f\u00fc yap\u0131ld\u0131. K\u00f6yce\u011fiz Atat\u00fcrk Kordonu\u2019nda yap\u0131lan&#8230;<\/p>\n","protected":false},"author":1,"featured_media":39268,"comment_status":"open","ping_status":"open","sticky":false,"template":"","format":"standard","meta":{"_crdt_document":"","footnotes":""},"categories":[4],"tags":[],"class_list":["post-39267","post","type-post","status-publish","format-standard","has-post-thumbnail","hentry","category-spor"],"_links":{"self":[{"href":"https:\/\/www.egemtv.com\/index.php?rest_route=\/wp\/v2\/posts\/39267","targetHints":{"allow":["GET"]}}],"collection":[{"href":"https:\/\/www.egemtv.com\/index.php?rest_route=\/wp\/v2\/posts"}],"about":[{"href":"https:\/\/www.egemtv.com\/index.php?rest_route=\/wp\/v2\/types\/post"}],"author":[{"embeddable":true,"href":"https:\/\/www.egemtv.com\/index.php?rest_route=\/wp\/v2\/users\/1"}],"replies":[{"embeddable":true,"href":"https:\/\/www.egemtv.com\/index.php?rest_route=%2Fwp%2Fv2%2Fcomments&post=39267"}],"version-history":[{"count":1,"href":"https:\/\/www.egemtv.com\/index.php?rest_route=\/wp\/v2\/posts\/39267\/revisions"}],"predecessor-version":[{"id":39269,"href":"https:\/\/www.egemtv.com\/index.php?rest_route=\/wp\/v2\/posts\/39267\/revisions\/39269"}],"wp:featuredmedia":[{"embeddable":true,"href":"https:\/\/www.egemtv.com\/index.php?rest_route=\/wp\/v2\/media\/39268"}],"wp:attachment":[{"href":"https:\/\/www.egemtv.com\/index.php?rest_route=%2Fwp%2Fv2%2Fmedia&parent=39267"}],"wp:term":[{"taxonomy":"category","embeddable":true,"href":"https:\/\/www.egemtv.com\/index.php?rest_route=%2Fwp%2Fv2%2Fcategories&post=39267"},{"taxonomy":"post_tag","embeddable":true,"href":"https:\/\/www.egemtv.com\/index.php?rest_route=%2Fwp%2Fv2%2Ftags&post=39267"}],"curies":[{"name":"wp","href":"https:\/\/api.w.org\/{rel}","templated":true}]}}