{"id":39264,"date":"2025-07-02T00:16:23","date_gmt":"2025-07-01T21:16:23","guid":{"rendered":"https:\/\/www.egemtv.com\/?p=39264"},"modified":"2025-07-02T00:16:28","modified_gmt":"2025-07-01T21:16:28","slug":"mentesede-motosikletler-carpisti-2-yarali","status":"publish","type":"post","link":"https:\/\/www.egemtv.com\/?p=39264","title":{"rendered":"Mente\u015fe\u2019de motosikletler \u00e7arp\u0131\u015ft\u0131: 2 yaral\u0131"},"content":{"rendered":"<p>Mu\u011fla\u2019n\u0131n Mente\u015fe il\u00e7esinde meydana gelen kazada iki motosiklet \u00e7arp\u0131\u015ft\u0131. Kazada iki ki\u015fi yaraland\u0131.<br \/>\n<br \/>TKaza, Recai G\u00fcreli Caddesi \u00fczerinde meydana geldi. Edinilen bilgiye g\u00f6re, seyir halindeki iki motosiklet \u00e7arp\u0131\u015ft\u0131. Kazay\u0131 g\u00f6ren vatanda\u015flar\u0131n 112 Acil \u00c7a\u011fr\u0131 Merkezine bilgi vermesi \u00fczerine olay yerine ambulans ve polis ekipleri sevk edildi.<br \/>\n<br \/>Kazada yaralanan ik ki\u015finin ilk m\u00fcdahaleleri olay yerinde yap\u0131l\u0131rken yaral\u0131lar Mu\u011fla E\u011fitim ve Ara\u015ft\u0131rma Hastanesi\u2019ne kald\u0131r\u0131ld\u0131.<br \/><\/p>\n","protected":false},"excerpt":{"rendered":"<p>Mu\u011fla\u2019n\u0131n Mente\u015fe il\u00e7esinde meydana gelen kazada iki motosiklet \u00e7arp\u0131\u015ft\u0131. Kazada iki ki\u015fi yaraland\u0131. TKaza, Recai G\u00fcreli Caddesi \u00fczerinde meydana geldi. Edinilen bilgiye g\u00f6re, seyir halindeki iki motosiklet \u00e7arp\u0131\u015ft\u0131. Kazay\u0131 g\u00f6ren vatanda\u015flar\u0131n 112 Acil \u00c7a\u011fr\u0131 Merkezine bilgi vermesi \u00fczerine olay yerine ambulans ve polis ekipleri sevk edildi. Kazada yaralanan ik ki\u015finin ilk m\u00fcdahaleleri olay yerinde yap\u0131l\u0131rken&#8230;<\/p>\n","protected":false},"author":1,"featured_media":39265,"comment_status":"open","ping_status":"open","sticky":false,"template":"","format":"standard","meta":{"_crdt_document":"","footnotes":""},"categories":[5],"tags":[],"class_list":["post-39264","post","type-post","status-publish","format-standard","has-post-thumbnail","hentry","category-asayis"],"_links":{"self":[{"href":"https:\/\/www.egemtv.com\/index.php?rest_route=\/wp\/v2\/posts\/39264","targetHints":{"allow":["GET"]}}],"collection":[{"href":"https:\/\/www.egemtv.com\/index.php?rest_route=\/wp\/v2\/posts"}],"about":[{"href":"https:\/\/www.egemtv.com\/index.php?rest_route=\/wp\/v2\/types\/post"}],"author":[{"embeddable":true,"href":"https:\/\/www.egemtv.com\/index.php?rest_route=\/wp\/v2\/users\/1"}],"replies":[{"embeddable":true,"href":"https:\/\/www.egemtv.com\/index.php?rest_route=%2Fwp%2Fv2%2Fcomments&post=39264"}],"version-history":[{"count":1,"href":"https:\/\/www.egemtv.com\/index.php?rest_route=\/wp\/v2\/posts\/39264\/revisions"}],"predecessor-version":[{"id":39266,"href":"https:\/\/www.egemtv.com\/index.php?rest_route=\/wp\/v2\/posts\/39264\/revisions\/39266"}],"wp:featuredmedia":[{"embeddable":true,"href":"https:\/\/www.egemtv.com\/index.php?rest_route=\/wp\/v2\/media\/39265"}],"wp:attachment":[{"href":"https:\/\/www.egemtv.com\/index.php?rest_route=%2Fwp%2Fv2%2Fmedia&parent=39264"}],"wp:term":[{"taxonomy":"category","embeddable":true,"href":"https:\/\/www.egemtv.com\/index.php?rest_route=%2Fwp%2Fv2%2Fcategories&post=39264"},{"taxonomy":"post_tag","embeddable":true,"href":"https:\/\/www.egemtv.com\/index.php?rest_route=%2Fwp%2Fv2%2Ftags&post=39264"}],"curies":[{"name":"wp","href":"https:\/\/api.w.org\/{rel}","templated":true}]}}