{"id":39261,"date":"2025-07-02T00:16:19","date_gmt":"2025-07-01T21:16:19","guid":{"rendered":"https:\/\/www.egemtv.com\/?p=39261"},"modified":"2025-07-02T00:16:23","modified_gmt":"2025-07-01T21:16:23","slug":"milasta-orman-yangini-2","status":"publish","type":"post","link":"https:\/\/www.egemtv.com\/?p=39261","title":{"rendered":"Milas\u2019ta orman yang\u0131n\u0131"},"content":{"rendered":"<p>Mu\u011fla\u2019n\u0131n Milas il\u00e7esine ba\u011fl\u0131 Kaz\u0131kl\u0131 Mahallesi \u0130skele Meydan\u0131\u2019nda bir trafonun patlamas\u0131 sonucu \u00e7\u0131kt\u0131\u011f\u0131 iddia edilen yang\u0131n, ormana s\u0131\u00e7rarken ekiplerin h\u0131zl\u0131 m\u00fcdahalesi ile s\u00f6nd\u00fcr\u00fcld\u00fc.<\/p>\n<p>Edinilen bilgilere g\u00f6re, Kaz\u0131kl\u0131 Mahallesi\u2019nde bulunan trafoda meydana gelen patlama sonucu yang\u0131n \u00e7\u0131kt\u0131. \u0130hbar \u00fczerine olay yerine Milas Orman \u0130\u015fletme M\u00fcd\u00fcrl\u00fc\u011f\u00fc\u2019ne ait araz\u00f6zler ve Mu\u011fla B\u00fcy\u00fck\u015fehir Belediyesi Milas \u0130tfaiye Grup Amirli\u011fi\u2019ne ba\u011fl\u0131 itfaiye ekipleri sevk edildi. R\u00fczgar\u0131n etkisi ile alevler geni\u015f alana yay\u0131ld\u0131. B\u00f6lgede etkili olan a\u015f\u0131r\u0131 r\u00fczgar nedeniyle alevler h\u0131zla ilerlerken Ayd\u0131n B\u00fcy\u00fck\u015fehir Belediyesi \u0130tfaiye ekipleri de yang\u0131n s\u00f6nd\u00fcrme \u00e7al\u0131\u015fmalar\u0131na destek i\u00e7in b\u00f6lgeye sevk edildi. Ekiplerin h\u0131zl\u0131 m\u00fcdahalesi ile yang\u0131n kontrol alt\u0131na al\u0131n\u0131rken, b\u00f6lgede so\u011futma \u00e7al\u0131\u015fmalar\u0131n\u0131n devam etti\u011fi \u00f6\u011frenildi.<br \/><\/p>\n","protected":false},"excerpt":{"rendered":"<p>Mu\u011fla\u2019n\u0131n Milas il\u00e7esine ba\u011fl\u0131 Kaz\u0131kl\u0131 Mahallesi \u0130skele Meydan\u0131\u2019nda bir trafonun patlamas\u0131 sonucu \u00e7\u0131kt\u0131\u011f\u0131 iddia edilen yang\u0131n, ormana s\u0131\u00e7rarken ekiplerin h\u0131zl\u0131 m\u00fcdahalesi ile s\u00f6nd\u00fcr\u00fcld\u00fc. Edinilen bilgilere g\u00f6re, Kaz\u0131kl\u0131 Mahallesi\u2019nde bulunan trafoda meydana gelen patlama sonucu yang\u0131n \u00e7\u0131kt\u0131. \u0130hbar \u00fczerine olay yerine Milas Orman \u0130\u015fletme M\u00fcd\u00fcrl\u00fc\u011f\u00fc\u2019ne ait araz\u00f6zler ve Mu\u011fla B\u00fcy\u00fck\u015fehir Belediyesi Milas \u0130tfaiye Grup Amirli\u011fi\u2019ne ba\u011fl\u0131&#8230;<\/p>\n","protected":false},"author":1,"featured_media":39262,"comment_status":"open","ping_status":"open","sticky":false,"template":"","format":"standard","meta":{"_crdt_document":"","footnotes":""},"categories":[5],"tags":[],"class_list":["post-39261","post","type-post","status-publish","format-standard","has-post-thumbnail","hentry","category-asayis"],"_links":{"self":[{"href":"https:\/\/www.egemtv.com\/index.php?rest_route=\/wp\/v2\/posts\/39261","targetHints":{"allow":["GET"]}}],"collection":[{"href":"https:\/\/www.egemtv.com\/index.php?rest_route=\/wp\/v2\/posts"}],"about":[{"href":"https:\/\/www.egemtv.com\/index.php?rest_route=\/wp\/v2\/types\/post"}],"author":[{"embeddable":true,"href":"https:\/\/www.egemtv.com\/index.php?rest_route=\/wp\/v2\/users\/1"}],"replies":[{"embeddable":true,"href":"https:\/\/www.egemtv.com\/index.php?rest_route=%2Fwp%2Fv2%2Fcomments&post=39261"}],"version-history":[{"count":1,"href":"https:\/\/www.egemtv.com\/index.php?rest_route=\/wp\/v2\/posts\/39261\/revisions"}],"predecessor-version":[{"id":39263,"href":"https:\/\/www.egemtv.com\/index.php?rest_route=\/wp\/v2\/posts\/39261\/revisions\/39263"}],"wp:featuredmedia":[{"embeddable":true,"href":"https:\/\/www.egemtv.com\/index.php?rest_route=\/wp\/v2\/media\/39262"}],"wp:attachment":[{"href":"https:\/\/www.egemtv.com\/index.php?rest_route=%2Fwp%2Fv2%2Fmedia&parent=39261"}],"wp:term":[{"taxonomy":"category","embeddable":true,"href":"https:\/\/www.egemtv.com\/index.php?rest_route=%2Fwp%2Fv2%2Fcategories&post=39261"},{"taxonomy":"post_tag","embeddable":true,"href":"https:\/\/www.egemtv.com\/index.php?rest_route=%2Fwp%2Fv2%2Ftags&post=39261"}],"curies":[{"name":"wp","href":"https:\/\/api.w.org\/{rel}","templated":true}]}}