{"id":39258,"date":"2025-07-01T22:54:56","date_gmt":"2025-07-01T19:54:56","guid":{"rendered":"https:\/\/www.egemtv.com\/?p=39258"},"modified":"2025-07-01T22:55:01","modified_gmt":"2025-07-01T19:55:01","slug":"datcada-kabotaj-bayrami-renkli-goruntulere-sahne-oldu","status":"publish","type":"post","link":"https:\/\/www.egemtv.com\/?p=39258","title":{"rendered":"Dat\u00e7a\u2019da Kabotaj Bayram\u0131 renkli g\u00f6r\u00fcnt\u00fclere sahne oldu"},"content":{"rendered":"<p>Mu\u011fla\u2019n\u0131n Dat\u00e7a il\u00e7esinde 1 Temmuz Kabotaj Bayram\u0131 d\u00fczenlenen t\u00f6ren ve renkli etkinliklerle kutland\u0131.<br \/>\n<br \/>Sabah Atat\u00fcrk An\u0131t\u0131\u2019na \u00e7elenk konulmas\u0131yla ba\u015flayan etkinlikler ak\u015fam ge\u00e7 saatlere kadar s\u00fcrd\u00fc. Dat\u00e7a liman b\u00f6lgesinde ba\u015flayan \u00f6\u011fleden sonraki etkinlikler de ilk olarak denizde dip dalmas\u0131 yap\u0131ld\u0131. Daha sonra \u00e7ocuklar ve gen\u00e7ler aras\u0131nda halat \u00e7ekme yar\u0131\u015flar\u0131 yap\u0131ld\u0131. Etkinlikler sonras\u0131 denizden tabak \u00e7\u0131karma yar\u0131\u015flar\u0131 yap\u0131ld\u0131. Bu arada Marmaris\u2019ten gelen flyboat g\u00f6sterisi yap\u0131ld\u0131. Vatanda\u015flardan b\u00fcy\u00fck alk\u0131\u015f alan g\u00f6sterilerden sonra etkinli\u011fin en \u00f6nemli yar\u0131\u015f\u0131 olan ya\u011fl\u0131 direkten bayrak alma yar\u0131\u015f\u0131 yap\u0131ld\u0131.  Bu y\u0131l ikisi kad\u0131n olmak \u00fczere 35 yar\u0131\u015fmac\u0131 ya\u011fl\u0131 direkten T\u00fcrk bayra\u011f\u0131n\u0131 almak i\u00e7in k\u0131yas\u0131ya yar\u0131\u015ft\u0131. Yakla\u015f\u0131k iki saatten fazla s\u00fcren bayrak alma yar\u0131\u015f\u0131nda mutlu sona Burak Y\u0131lmaz isimli gen\u00e7 ula\u015ft\u0131. Vatanda\u015flardan b\u00fcy\u00fck alk\u0131\u015f alan Burak Y\u0131lmaz davul zurna e\u015fli\u011finde birincilik \u00f6d\u00fcl\u00fcn\u00fc ald\u0131.<br \/><\/p>\n","protected":false},"excerpt":{"rendered":"<p>Mu\u011fla\u2019n\u0131n Dat\u00e7a il\u00e7esinde 1 Temmuz Kabotaj Bayram\u0131 d\u00fczenlenen t\u00f6ren ve renkli etkinliklerle kutland\u0131. Sabah Atat\u00fcrk An\u0131t\u0131\u2019na \u00e7elenk konulmas\u0131yla ba\u015flayan etkinlikler ak\u015fam ge\u00e7 saatlere kadar s\u00fcrd\u00fc. Dat\u00e7a liman b\u00f6lgesinde ba\u015flayan \u00f6\u011fleden sonraki etkinlikler de ilk olarak denizde dip dalmas\u0131 yap\u0131ld\u0131. Daha sonra \u00e7ocuklar ve gen\u00e7ler aras\u0131nda halat \u00e7ekme yar\u0131\u015flar\u0131 yap\u0131ld\u0131. Etkinlikler sonras\u0131 denizden tabak \u00e7\u0131karma yar\u0131\u015flar\u0131&#8230;<\/p>\n","protected":false},"author":1,"featured_media":39259,"comment_status":"open","ping_status":"open","sticky":false,"template":"","format":"standard","meta":{"_crdt_document":"","footnotes":""},"categories":[1],"tags":[],"class_list":["post-39258","post","type-post","status-publish","format-standard","has-post-thumbnail","hentry","category-guncel"],"_links":{"self":[{"href":"https:\/\/www.egemtv.com\/index.php?rest_route=\/wp\/v2\/posts\/39258","targetHints":{"allow":["GET"]}}],"collection":[{"href":"https:\/\/www.egemtv.com\/index.php?rest_route=\/wp\/v2\/posts"}],"about":[{"href":"https:\/\/www.egemtv.com\/index.php?rest_route=\/wp\/v2\/types\/post"}],"author":[{"embeddable":true,"href":"https:\/\/www.egemtv.com\/index.php?rest_route=\/wp\/v2\/users\/1"}],"replies":[{"embeddable":true,"href":"https:\/\/www.egemtv.com\/index.php?rest_route=%2Fwp%2Fv2%2Fcomments&post=39258"}],"version-history":[{"count":1,"href":"https:\/\/www.egemtv.com\/index.php?rest_route=\/wp\/v2\/posts\/39258\/revisions"}],"predecessor-version":[{"id":39260,"href":"https:\/\/www.egemtv.com\/index.php?rest_route=\/wp\/v2\/posts\/39258\/revisions\/39260"}],"wp:featuredmedia":[{"embeddable":true,"href":"https:\/\/www.egemtv.com\/index.php?rest_route=\/wp\/v2\/media\/39259"}],"wp:attachment":[{"href":"https:\/\/www.egemtv.com\/index.php?rest_route=%2Fwp%2Fv2%2Fmedia&parent=39258"}],"wp:term":[{"taxonomy":"category","embeddable":true,"href":"https:\/\/www.egemtv.com\/index.php?rest_route=%2Fwp%2Fv2%2Fcategories&post=39258"},{"taxonomy":"post_tag","embeddable":true,"href":"https:\/\/www.egemtv.com\/index.php?rest_route=%2Fwp%2Fv2%2Ftags&post=39258"}],"curies":[{"name":"wp","href":"https:\/\/api.w.org\/{rel}","templated":true}]}}