{"id":39255,"date":"2025-07-01T22:37:08","date_gmt":"2025-07-01T19:37:08","guid":{"rendered":"https:\/\/www.egemtv.com\/?p=39255"},"modified":"2025-07-01T22:37:13","modified_gmt":"2025-07-01T19:37:13","slug":"kutahyada-konut-ihtiyaci-ve-yeni-yatirimlar-degerlendirildi","status":"publish","type":"post","link":"https:\/\/www.egemtv.com\/?p=39255","title":{"rendered":"K\u00fctahya\u2019da konut ihtiyac\u0131 ve yeni yat\u0131r\u0131mlar de\u011ferlendirildi"},"content":{"rendered":"<p>AK Parti K\u00fctahya milletvekilleri Adil Bi\u00e7er ve Mehmet Demir, TOK\u0130 Ba\u015fkan\u0131 Mustafa Levent Sungur\u2019u makam\u0131nda ziyaret etti. Ziyarette, K\u00fctahya genelinde konut ihtiyac\u0131 ba\u015fta olmak \u00fczere devam eden projeler ve yeni yat\u0131r\u0131mlar masaya yat\u0131r\u0131ld\u0131.<br \/>\n<br \/>Milletvekili Bi\u00e7er, \u00f6zellikle Simav\u2019da sanayi esnaf\u0131 i\u00e7in planlanan modern oto sanayi sitesine ili\u015fkin de\u011ferlendirmelerde bulunarak, projeyle ilgili isti\u015farelerde bulunduklar\u0131n\u0131 belirtti. Cumhurba\u015fkan\u0131 Recep Tayyip Erdo\u011fan\u2019\u0131n &#8220;\u0130nsan\u0131 ya\u015fat ki devlet ya\u015fas\u0131n&#8221; anlay\u0131\u015f\u0131yla hareket ettiklerini vurgulayan Bi\u00e7er, &#8220;Her bir hem\u015fehrimizin g\u00fcvenli, sa\u011fl\u0131kl\u0131 ve nitelikli konutlarda ya\u015famas\u0131 i\u00e7in gayret ediyoruz. \u0130l\u00e7elerimizden \u015fehir merkezine kadar K\u00fctahya\u2019m\u0131z\u0131n her k\u00f6\u015fesini TOK\u0130 arac\u0131l\u0131\u011f\u0131yla yat\u0131r\u0131mlarla bulu\u015fturmak i\u00e7in \u00e7al\u0131\u015f\u0131yoruz, sahaday\u0131z, takipteyiz. Milletimizin emrindeyiz&#8221; dedi.<br \/><\/p>\n","protected":false},"excerpt":{"rendered":"<p>AK Parti K\u00fctahya milletvekilleri Adil Bi\u00e7er ve Mehmet Demir, TOK\u0130 Ba\u015fkan\u0131 Mustafa Levent Sungur\u2019u makam\u0131nda ziyaret etti. Ziyarette, K\u00fctahya genelinde konut ihtiyac\u0131 ba\u015fta olmak \u00fczere devam eden projeler ve yeni yat\u0131r\u0131mlar masaya yat\u0131r\u0131ld\u0131. Milletvekili Bi\u00e7er, \u00f6zellikle Simav\u2019da sanayi esnaf\u0131 i\u00e7in planlanan modern oto sanayi sitesine ili\u015fkin de\u011ferlendirmelerde bulunarak, projeyle ilgili isti\u015farelerde bulunduklar\u0131n\u0131 belirtti. Cumhurba\u015fkan\u0131 Recep&#8230;<\/p>\n","protected":false},"author":1,"featured_media":39256,"comment_status":"open","ping_status":"open","sticky":false,"template":"","format":"standard","meta":{"_crdt_document":"","footnotes":""},"categories":[123],"tags":[],"class_list":["post-39255","post","type-post","status-publish","format-standard","has-post-thumbnail","hentry","category-gundem"],"_links":{"self":[{"href":"https:\/\/www.egemtv.com\/index.php?rest_route=\/wp\/v2\/posts\/39255","targetHints":{"allow":["GET"]}}],"collection":[{"href":"https:\/\/www.egemtv.com\/index.php?rest_route=\/wp\/v2\/posts"}],"about":[{"href":"https:\/\/www.egemtv.com\/index.php?rest_route=\/wp\/v2\/types\/post"}],"author":[{"embeddable":true,"href":"https:\/\/www.egemtv.com\/index.php?rest_route=\/wp\/v2\/users\/1"}],"replies":[{"embeddable":true,"href":"https:\/\/www.egemtv.com\/index.php?rest_route=%2Fwp%2Fv2%2Fcomments&post=39255"}],"version-history":[{"count":1,"href":"https:\/\/www.egemtv.com\/index.php?rest_route=\/wp\/v2\/posts\/39255\/revisions"}],"predecessor-version":[{"id":39257,"href":"https:\/\/www.egemtv.com\/index.php?rest_route=\/wp\/v2\/posts\/39255\/revisions\/39257"}],"wp:featuredmedia":[{"embeddable":true,"href":"https:\/\/www.egemtv.com\/index.php?rest_route=\/wp\/v2\/media\/39256"}],"wp:attachment":[{"href":"https:\/\/www.egemtv.com\/index.php?rest_route=%2Fwp%2Fv2%2Fmedia&parent=39255"}],"wp:term":[{"taxonomy":"category","embeddable":true,"href":"https:\/\/www.egemtv.com\/index.php?rest_route=%2Fwp%2Fv2%2Fcategories&post=39255"},{"taxonomy":"post_tag","embeddable":true,"href":"https:\/\/www.egemtv.com\/index.php?rest_route=%2Fwp%2Fv2%2Ftags&post=39255"}],"curies":[{"name":"wp","href":"https:\/\/api.w.org\/{rel}","templated":true}]}}