{"id":39252,"date":"2025-07-01T22:37:04","date_gmt":"2025-07-01T19:37:04","guid":{"rendered":"https:\/\/www.egemtv.com\/?p=39252"},"modified":"2025-07-01T22:37:08","modified_gmt":"2025-07-01T19:37:08","slug":"yasli-adam-binanin-teras-katindaki-demirlerde-asili-bulundu","status":"publish","type":"post","link":"https:\/\/www.egemtv.com\/?p=39252","title":{"rendered":"Ya\u015fl\u0131 adam, binan\u0131n teras kat\u0131ndaki demirlerde as\u0131l\u0131 bulundu"},"content":{"rendered":"<p>Denizli\u2019de bir ya\u015fl\u0131 adam, ya\u015fad\u0131\u011f\u0131 binan\u0131n teras kat\u0131nda demirlere as\u0131l\u0131 halde \u00f6l\u00fc olarak bulundu.<br \/>\n<br \/>Olay, Denizli\u2019nin Pamukkale il\u00e7esi Toprakl\u0131k Mahallesi\u2019nde meydana geldi. Edinilen bilgiye g\u00f6re, 65 ya\u015f\u0131ndaki Halit G\u00fcrb\u00fcz, o\u011flu taraf\u0131ndan ya\u015fad\u0131\u011f\u0131 binan\u0131n teras kat\u0131nda demirlere ba\u011flanm\u0131\u015f iple as\u0131l\u0131 \u015fekilde bulundu. 112 \u00c7a\u011fr\u0131 merkezine yap\u0131lan ihbarla olay yerine polis ve sa\u011fl\u0131k ekipleri sevk edildi. Sa\u011fl\u0131k ekiplerinin yapt\u0131\u011f\u0131 kontrollerde ya\u015fl\u0131 adam\u0131n \u00f6ld\u00fc\u011f\u00fc belirlendi. Polis ekiplerinin olay yerinde yapt\u0131\u011f\u0131 incelemelerin ard\u0131ndan Halit G\u00fcrb\u00fcz\u2019\u00fcn cans\u0131z bedeni otopsi yap\u0131lmak \u00fczere Adli T\u0131p Kurumu\u2019na sevk edildi.<br \/>\n<br \/>Olayla ilgili soru\u015fturma ba\u015flat\u0131ld\u0131.<br \/><\/p>\n","protected":false},"excerpt":{"rendered":"<p>Denizli\u2019de bir ya\u015fl\u0131 adam, ya\u015fad\u0131\u011f\u0131 binan\u0131n teras kat\u0131nda demirlere as\u0131l\u0131 halde \u00f6l\u00fc olarak bulundu. Olay, Denizli\u2019nin Pamukkale il\u00e7esi Toprakl\u0131k Mahallesi\u2019nde meydana geldi. Edinilen bilgiye g\u00f6re, 65 ya\u015f\u0131ndaki Halit G\u00fcrb\u00fcz, o\u011flu taraf\u0131ndan ya\u015fad\u0131\u011f\u0131 binan\u0131n teras kat\u0131nda demirlere ba\u011flanm\u0131\u015f iple as\u0131l\u0131 \u015fekilde bulundu. 112 \u00c7a\u011fr\u0131 merkezine yap\u0131lan ihbarla olay yerine polis ve sa\u011fl\u0131k ekipleri sevk edildi. Sa\u011fl\u0131k&#8230;<\/p>\n","protected":false},"author":1,"featured_media":39253,"comment_status":"open","ping_status":"open","sticky":false,"template":"","format":"standard","meta":{"_crdt_document":"","footnotes":""},"categories":[5],"tags":[],"class_list":["post-39252","post","type-post","status-publish","format-standard","has-post-thumbnail","hentry","category-asayis"],"_links":{"self":[{"href":"https:\/\/www.egemtv.com\/index.php?rest_route=\/wp\/v2\/posts\/39252","targetHints":{"allow":["GET"]}}],"collection":[{"href":"https:\/\/www.egemtv.com\/index.php?rest_route=\/wp\/v2\/posts"}],"about":[{"href":"https:\/\/www.egemtv.com\/index.php?rest_route=\/wp\/v2\/types\/post"}],"author":[{"embeddable":true,"href":"https:\/\/www.egemtv.com\/index.php?rest_route=\/wp\/v2\/users\/1"}],"replies":[{"embeddable":true,"href":"https:\/\/www.egemtv.com\/index.php?rest_route=%2Fwp%2Fv2%2Fcomments&post=39252"}],"version-history":[{"count":1,"href":"https:\/\/www.egemtv.com\/index.php?rest_route=\/wp\/v2\/posts\/39252\/revisions"}],"predecessor-version":[{"id":39254,"href":"https:\/\/www.egemtv.com\/index.php?rest_route=\/wp\/v2\/posts\/39252\/revisions\/39254"}],"wp:featuredmedia":[{"embeddable":true,"href":"https:\/\/www.egemtv.com\/index.php?rest_route=\/wp\/v2\/media\/39253"}],"wp:attachment":[{"href":"https:\/\/www.egemtv.com\/index.php?rest_route=%2Fwp%2Fv2%2Fmedia&parent=39252"}],"wp:term":[{"taxonomy":"category","embeddable":true,"href":"https:\/\/www.egemtv.com\/index.php?rest_route=%2Fwp%2Fv2%2Fcategories&post=39252"},{"taxonomy":"post_tag","embeddable":true,"href":"https:\/\/www.egemtv.com\/index.php?rest_route=%2Fwp%2Fv2%2Ftags&post=39252"}],"curies":[{"name":"wp","href":"https:\/\/api.w.org\/{rel}","templated":true}]}}