{"id":39246,"date":"2025-07-01T21:35:44","date_gmt":"2025-07-01T18:35:44","guid":{"rendered":"https:\/\/www.egemtv.com\/?p=39246"},"modified":"2025-07-01T21:35:49","modified_gmt":"2025-07-01T18:35:49","slug":"fethiyede-kabotaj-bayrami-coskusu-yasandi","status":"publish","type":"post","link":"https:\/\/www.egemtv.com\/?p=39246","title":{"rendered":"Fethiye\u2019de Kabotaj Bayram\u0131 co\u015fkusu ya\u015fand\u0131"},"content":{"rendered":"<p>1 Temmuz Denizcilik ve Kabotaj Bayram\u0131\u2019n\u0131n 99. y\u0131l\u0131 Fethiye\u2019de kortej y\u00fcr\u00fcy\u00fc\u015f\u00fc, deniz g\u00f6sterileri ve heyecan dolu yar\u0131\u015fmalarla kutland\u0131. Ya\u011fl\u0131 direkten bayrak kapma yine en \u00e7ok ilgi g\u00f6ren etkinlik oldu.<\/p>\n<p>Fethiye\u2019de 1 Temmuz Denizcilik ve Kabotaj Bayram\u0131\u2019n\u0131n 99. y\u0131l d\u00f6n\u00fcm\u00fc, birbirinden renkli etkinliklerle kutland\u0131. Be\u015fkaza Meydan\u0131\u2019ndaki kortej y\u00fcr\u00fcy\u00fc\u015f\u00fcyle ba\u015flayan kutlamalar, Fethiye liman\u0131nda d\u00fczenlenen yar\u0131\u015fmalar ve g\u00f6sterilerle devam etti. G\u00fcn boyunca s\u00fcren etkinliklerde \u00f6zellikle ya\u011fl\u0131 direkten bayrak kapma yar\u0131\u015fmas\u0131 vatanda\u015flar\u0131n en fazla ilgi g\u00f6sterdi\u011fi anlardan biri oldu. Ayr\u0131ca 100 ve 200 metre y\u00fczme yar\u0131\u015fmalar\u0131, koval\u0131 k\u00fcrek \u00e7ekme yar\u0131\u015fmas\u0131 ile jetski ve s\u00f6rf g\u00f6sterileri izleyenlere keyifli anlar ya\u015fatt\u0131. Renkli g\u00f6r\u00fcnt\u00fclerin olultu\u011fu etkinliklere \u00e7ok say\u0131da vatanda\u015f kat\u0131ld\u0131.<br \/><\/p>\n","protected":false},"excerpt":{"rendered":"<p>1 Temmuz Denizcilik ve Kabotaj Bayram\u0131\u2019n\u0131n 99. y\u0131l\u0131 Fethiye\u2019de kortej y\u00fcr\u00fcy\u00fc\u015f\u00fc, deniz g\u00f6sterileri ve heyecan dolu yar\u0131\u015fmalarla kutland\u0131. Ya\u011fl\u0131 direkten bayrak kapma yine en \u00e7ok ilgi g\u00f6ren etkinlik oldu. Fethiye\u2019de 1 Temmuz Denizcilik ve Kabotaj Bayram\u0131\u2019n\u0131n 99. y\u0131l d\u00f6n\u00fcm\u00fc, birbirinden renkli etkinliklerle kutland\u0131. Be\u015fkaza Meydan\u0131\u2019ndaki kortej y\u00fcr\u00fcy\u00fc\u015f\u00fcyle ba\u015flayan kutlamalar, Fethiye liman\u0131nda d\u00fczenlenen yar\u0131\u015fmalar ve g\u00f6sterilerle&#8230;<\/p>\n","protected":false},"author":1,"featured_media":39247,"comment_status":"open","ping_status":"open","sticky":false,"template":"","format":"standard","meta":{"_crdt_document":"","footnotes":""},"categories":[1],"tags":[],"class_list":["post-39246","post","type-post","status-publish","format-standard","has-post-thumbnail","hentry","category-guncel"],"_links":{"self":[{"href":"https:\/\/www.egemtv.com\/index.php?rest_route=\/wp\/v2\/posts\/39246","targetHints":{"allow":["GET"]}}],"collection":[{"href":"https:\/\/www.egemtv.com\/index.php?rest_route=\/wp\/v2\/posts"}],"about":[{"href":"https:\/\/www.egemtv.com\/index.php?rest_route=\/wp\/v2\/types\/post"}],"author":[{"embeddable":true,"href":"https:\/\/www.egemtv.com\/index.php?rest_route=\/wp\/v2\/users\/1"}],"replies":[{"embeddable":true,"href":"https:\/\/www.egemtv.com\/index.php?rest_route=%2Fwp%2Fv2%2Fcomments&post=39246"}],"version-history":[{"count":1,"href":"https:\/\/www.egemtv.com\/index.php?rest_route=\/wp\/v2\/posts\/39246\/revisions"}],"predecessor-version":[{"id":39248,"href":"https:\/\/www.egemtv.com\/index.php?rest_route=\/wp\/v2\/posts\/39246\/revisions\/39248"}],"wp:featuredmedia":[{"embeddable":true,"href":"https:\/\/www.egemtv.com\/index.php?rest_route=\/wp\/v2\/media\/39247"}],"wp:attachment":[{"href":"https:\/\/www.egemtv.com\/index.php?rest_route=%2Fwp%2Fv2%2Fmedia&parent=39246"}],"wp:term":[{"taxonomy":"category","embeddable":true,"href":"https:\/\/www.egemtv.com\/index.php?rest_route=%2Fwp%2Fv2%2Fcategories&post=39246"},{"taxonomy":"post_tag","embeddable":true,"href":"https:\/\/www.egemtv.com\/index.php?rest_route=%2Fwp%2Fv2%2Ftags&post=39246"}],"curies":[{"name":"wp","href":"https:\/\/api.w.org\/{rel}","templated":true}]}}