{"id":39243,"date":"2025-07-01T20:57:22","date_gmt":"2025-07-01T17:57:22","guid":{"rendered":"https:\/\/www.egemtv.com\/?p=39243"},"modified":"2025-07-01T20:57:27","modified_gmt":"2025-07-01T17:57:27","slug":"tavsanliya-50-bin-kisilik-yeni-atiksu-aritma-tesisi-mujdesi","status":"publish","type":"post","link":"https:\/\/www.egemtv.com\/?p=39243","title":{"rendered":"Tav\u015fanl\u0131\u2019ya 50 bin ki\u015filik yeni at\u0131ksu ar\u0131tma tesisi m\u00fcjdesi"},"content":{"rendered":"<p>K\u00fctahya\u2019n\u0131n Tav\u015fanl\u0131 il\u00e7esi, \u00e7evre dostu ve modern bir altyap\u0131 yat\u0131r\u0131m\u0131yla daha da g\u00fc\u00e7leniyor. \u0130l\u00e7eye 50 bin ki\u015filik n\u00fcfusa hizmet verecek kapasitede yeni bir evsel at\u0131ksu ar\u0131tma tesisi kazand\u0131r\u0131l\u0131yor.<br \/>\n<br \/>AK Parti K\u00fctahya Milletvekili Mehmet Demir, Tav\u015fanl\u0131 Belediye Ba\u015fkan\u0131 Ali Kemal Derin ile birlikte \u0130LBANK Genel M\u00fcd\u00fcr\u00fc Recep T\u00fcrk\u2019\u00fc ziyaret ederek projenin teknik ve idari detaylar\u0131n\u0131 ele ald\u0131. Yap\u0131lan g\u00f6r\u00fc\u015fmenin ard\u0131ndan a\u00e7\u0131klamalarda bulunan Milletvekili Demir, projenin il\u00e7enin altyap\u0131s\u0131na b\u00fcy\u00fck katk\u0131 sa\u011flayaca\u011f\u0131n\u0131 belirtti.<br \/>\n<br \/>Yeni tesisin 50 bin ki\u015filik n\u00fcfusa hizmet verece\u011fi, g\u00fcnl\u00fck 10 bin metrek\u00fcp kapasiteye sahip olaca\u011f\u0131, il\u00e7edeki 10 mahalle ile sanayi b\u00f6lgelerini kapsayaca\u011f\u0131 a\u00e7\u0131kland\u0131.<br \/>\n<br \/>Bu \u00f6nemli yat\u0131r\u0131m\u0131n il\u00e7eye kazand\u0131r\u0131lmas\u0131nda eme\u011fi ge\u00e7en herkese te\u015fekk\u00fcr eden Demir, \u00f6zellikle Cumhurba\u015fkan\u0131 Recep Tayyip Erdo\u011fan\u2019a, \u00c7evre, \u015eehircilik ve \u0130klim De\u011fi\u015fikli\u011fi Bakan\u0131 Murat Kurum\u2019a ve \u0130LBANK Genel M\u00fcd\u00fcr\u00fc Recep T\u00fcrk\u2019e \u015f\u00fckranlar\u0131n\u0131 sundu.<br \/>\n<br \/>Tav\u015fanl\u0131\u2019n\u0131n geli\u015fimi i\u00e7in \u00e7al\u0131\u015fmaya devam edeceklerini vurgulayan Demir, &#8220;\u0130l\u00e7emiz i\u00e7in \u00fcretmeye, hizmet etmeye kararl\u0131l\u0131kla devam edece\u011fiz&#8221; dedi.<br \/><\/p>\n","protected":false},"excerpt":{"rendered":"<p>K\u00fctahya\u2019n\u0131n Tav\u015fanl\u0131 il\u00e7esi, \u00e7evre dostu ve modern bir altyap\u0131 yat\u0131r\u0131m\u0131yla daha da g\u00fc\u00e7leniyor. \u0130l\u00e7eye 50 bin ki\u015filik n\u00fcfusa hizmet verecek kapasitede yeni bir evsel at\u0131ksu ar\u0131tma tesisi kazand\u0131r\u0131l\u0131yor. AK Parti K\u00fctahya Milletvekili Mehmet Demir, Tav\u015fanl\u0131 Belediye Ba\u015fkan\u0131 Ali Kemal Derin ile birlikte \u0130LBANK Genel M\u00fcd\u00fcr\u00fc Recep T\u00fcrk\u2019\u00fc ziyaret ederek projenin teknik ve idari detaylar\u0131n\u0131 ele&#8230;<\/p>\n","protected":false},"author":1,"featured_media":39244,"comment_status":"open","ping_status":"open","sticky":false,"template":"","format":"standard","meta":{"_crdt_document":"","footnotes":""},"categories":[1],"tags":[],"class_list":["post-39243","post","type-post","status-publish","format-standard","has-post-thumbnail","hentry","category-guncel"],"_links":{"self":[{"href":"https:\/\/www.egemtv.com\/index.php?rest_route=\/wp\/v2\/posts\/39243","targetHints":{"allow":["GET"]}}],"collection":[{"href":"https:\/\/www.egemtv.com\/index.php?rest_route=\/wp\/v2\/posts"}],"about":[{"href":"https:\/\/www.egemtv.com\/index.php?rest_route=\/wp\/v2\/types\/post"}],"author":[{"embeddable":true,"href":"https:\/\/www.egemtv.com\/index.php?rest_route=\/wp\/v2\/users\/1"}],"replies":[{"embeddable":true,"href":"https:\/\/www.egemtv.com\/index.php?rest_route=%2Fwp%2Fv2%2Fcomments&post=39243"}],"version-history":[{"count":1,"href":"https:\/\/www.egemtv.com\/index.php?rest_route=\/wp\/v2\/posts\/39243\/revisions"}],"predecessor-version":[{"id":39245,"href":"https:\/\/www.egemtv.com\/index.php?rest_route=\/wp\/v2\/posts\/39243\/revisions\/39245"}],"wp:featuredmedia":[{"embeddable":true,"href":"https:\/\/www.egemtv.com\/index.php?rest_route=\/wp\/v2\/media\/39244"}],"wp:attachment":[{"href":"https:\/\/www.egemtv.com\/index.php?rest_route=%2Fwp%2Fv2%2Fmedia&parent=39243"}],"wp:term":[{"taxonomy":"category","embeddable":true,"href":"https:\/\/www.egemtv.com\/index.php?rest_route=%2Fwp%2Fv2%2Fcategories&post=39243"},{"taxonomy":"post_tag","embeddable":true,"href":"https:\/\/www.egemtv.com\/index.php?rest_route=%2Fwp%2Fv2%2Ftags&post=39243"}],"curies":[{"name":"wp","href":"https:\/\/api.w.org\/{rel}","templated":true}]}}