{"id":39240,"date":"2025-07-01T20:16:01","date_gmt":"2025-07-01T17:16:01","guid":{"rendered":"https:\/\/www.egemtv.com\/?p=39240"},"modified":"2025-07-01T20:16:04","modified_gmt":"2025-07-01T17:16:04","slug":"manisadaki-alevlere-5-ucak-ve-7-helikopterle-mudahale","status":"publish","type":"post","link":"https:\/\/www.egemtv.com\/?p=39240","title":{"rendered":"Manisa\u2019daki alevlere 5 u\u00e7ak ve 7 helikopterle m\u00fcdahale"},"content":{"rendered":"<p>Manisa\u2019n\u0131n Ahmetli il\u00e7esinde \u00e7\u0131kan ve r\u00fczgar\u0131n etkisiyle Salihli\u2019ye ula\u015fan orman yang\u0131n\u0131n\u0131n s\u00f6nd\u00fcr\u00fclmesi i\u00e7in ekiplerin havadan ve karadan m\u00fccadelesi s\u00fcr\u00fcyor.<br \/>\n<br \/>Manisa\u2019n\u0131n Ahmetli il\u00e7esine ba\u011fl\u0131 Derek\u00f6y Mahallesi\u2019nde d\u00fcn \u00e7\u0131kan orman yang\u0131n\u0131na, Orman Genel M\u00fcd\u00fcrl\u00fc\u011f\u00fc ekipleri havadan ve karadan yo\u011fun \u015fekilde m\u00fcdahale ediyor. Yang\u0131n\u0131 kontrol alt\u0131na almak i\u00e7in b\u00f6lgeye 5 yang\u0131n s\u00f6nd\u00fcrme u\u00e7a\u011f\u0131, 7 helikopter, 35 araz\u00f6z, 10 su ikmal arac\u0131 ve 4 dozer sevk edildi. Ekiplerin yang\u0131n\u0131 en k\u0131sa s\u00fcrede kontrol alt\u0131na almak amac\u0131yla \u00e7al\u0131\u015fmalar\u0131n\u0131, havadan ve karadan aral\u0131ks\u0131z s\u00fcrd\u00fcr\u00fcyor.<br \/>\n<br \/>\u00d6te yandan yang\u0131n nedeniyle Ahmetli\u2019de Derek\u00f6y Mahallesi ile Matdere Mezras\u0131, Salihli\u2019de Mersindere ve \u00c7ayp\u0131nar Mahalleleri tedbir ama\u00e7l\u0131 tahliye edilmi\u015fti.<br \/><\/p>\n","protected":false},"excerpt":{"rendered":"<p>Manisa\u2019n\u0131n Ahmetli il\u00e7esinde \u00e7\u0131kan ve r\u00fczgar\u0131n etkisiyle Salihli\u2019ye ula\u015fan orman yang\u0131n\u0131n\u0131n s\u00f6nd\u00fcr\u00fclmesi i\u00e7in ekiplerin havadan ve karadan m\u00fccadelesi s\u00fcr\u00fcyor. Manisa\u2019n\u0131n Ahmetli il\u00e7esine ba\u011fl\u0131 Derek\u00f6y Mahallesi\u2019nde d\u00fcn \u00e7\u0131kan orman yang\u0131n\u0131na, Orman Genel M\u00fcd\u00fcrl\u00fc\u011f\u00fc ekipleri havadan ve karadan yo\u011fun \u015fekilde m\u00fcdahale ediyor. Yang\u0131n\u0131 kontrol alt\u0131na almak i\u00e7in b\u00f6lgeye 5 yang\u0131n s\u00f6nd\u00fcrme u\u00e7a\u011f\u0131, 7 helikopter, 35 araz\u00f6z, 10&#8230;<\/p>\n","protected":false},"author":1,"featured_media":39241,"comment_status":"open","ping_status":"open","sticky":false,"template":"","format":"standard","meta":{"_crdt_document":"","footnotes":""},"categories":[5],"tags":[],"class_list":["post-39240","post","type-post","status-publish","format-standard","has-post-thumbnail","hentry","category-asayis"],"_links":{"self":[{"href":"https:\/\/www.egemtv.com\/index.php?rest_route=\/wp\/v2\/posts\/39240","targetHints":{"allow":["GET"]}}],"collection":[{"href":"https:\/\/www.egemtv.com\/index.php?rest_route=\/wp\/v2\/posts"}],"about":[{"href":"https:\/\/www.egemtv.com\/index.php?rest_route=\/wp\/v2\/types\/post"}],"author":[{"embeddable":true,"href":"https:\/\/www.egemtv.com\/index.php?rest_route=\/wp\/v2\/users\/1"}],"replies":[{"embeddable":true,"href":"https:\/\/www.egemtv.com\/index.php?rest_route=%2Fwp%2Fv2%2Fcomments&post=39240"}],"version-history":[{"count":1,"href":"https:\/\/www.egemtv.com\/index.php?rest_route=\/wp\/v2\/posts\/39240\/revisions"}],"predecessor-version":[{"id":39242,"href":"https:\/\/www.egemtv.com\/index.php?rest_route=\/wp\/v2\/posts\/39240\/revisions\/39242"}],"wp:featuredmedia":[{"embeddable":true,"href":"https:\/\/www.egemtv.com\/index.php?rest_route=\/wp\/v2\/media\/39241"}],"wp:attachment":[{"href":"https:\/\/www.egemtv.com\/index.php?rest_route=%2Fwp%2Fv2%2Fmedia&parent=39240"}],"wp:term":[{"taxonomy":"category","embeddable":true,"href":"https:\/\/www.egemtv.com\/index.php?rest_route=%2Fwp%2Fv2%2Fcategories&post=39240"},{"taxonomy":"post_tag","embeddable":true,"href":"https:\/\/www.egemtv.com\/index.php?rest_route=%2Fwp%2Fv2%2Ftags&post=39240"}],"curies":[{"name":"wp","href":"https:\/\/api.w.org\/{rel}","templated":true}]}}