{"id":39237,"date":"2025-07-01T20:15:57","date_gmt":"2025-07-01T17:15:57","guid":{"rendered":"https:\/\/www.egemtv.com\/?p=39237"},"modified":"2025-07-01T20:16:00","modified_gmt":"2025-07-01T17:16:00","slug":"seferihisarda-yeni-bir-yangin-toki-konutlari-tedbiren-tahliye-edildi","status":"publish","type":"post","link":"https:\/\/www.egemtv.com\/?p=39237","title":{"rendered":"Seferihisar\u2018da yeni bir yang\u0131n: TOK\u0130 konutlar\u0131 tedbiren tahliye edildi"},"content":{"rendered":"<p>\u0130zmir\u2019in Seferihisar il\u00e7esi Azmakyolu mevkisinde \u00e7\u0131kan yang\u0131n nedeniyle bin 500 ki\u015filik TOK\u0130 konutlar\u0131 tedbir ama\u00e7l\u0131 tahliye edildi. \u0130tfaiye ekiplerinin \u00e7al\u0131\u015fmas\u0131yla yang\u0131n kontrol alt\u0131na al\u0131n\u0131rken so\u011futma \u00e7al\u0131\u015fmalar\u0131 devam ediyor.<br \/>\n<br \/>\u0130zmir\u2019in Menderes ve Seferihisar il\u00e7eleri s\u0131n\u0131rlar\u0131nda 29 Haziran\u2019da ba\u015flayan orman yang\u0131n\u0131 devam ederken, Seferihisar\u2019da ikinci bir yang\u0131n daha \u00e7\u0131kt\u0131. Azmakyolu mevkisinde saat 17.00 s\u0131ralar\u0131nda otluk ve makilik alanda \u00e7\u0131kan yang\u0131na h\u0131zla m\u00fcdahale edildi. \u0130zmir Orman B\u00f6lge M\u00fcd\u00fcrl\u00fc\u011f\u00fc ekipleri yang\u0131na 6 helikopter, 10 araz\u00f6z ve 1 su ikmal arac\u0131yla hem havadan hem de karadan m\u00fcdahale etti. Alevlerin yerle\u015fim alanlar\u0131na yakla\u015fmas\u0131 \u00fczerine b\u00f6lgede bulunan TOK\u0130 konutlar\u0131 tedbir amac\u0131yla tahliye edildi. Yang\u0131n, itfaiye ekiplerinin yo\u011fun \u00e7al\u0131\u015fmas\u0131 sonucu kontrol alt\u0131na al\u0131narak s\u00f6nd\u00fcr\u00fcld\u00fc. B\u00f6lgede so\u011futma \u00e7al\u0131\u015fmalar\u0131 ise devam ediyor.<br \/>\n<br \/>Azmakyolu mevkisinde \u00e7\u0131kan yang\u0131nla ilgili \u0130hlas Haber Ajans\u0131 muhabirine a\u00e7\u0131klamalarda bulunan Camikebir Mahllesi muhtar\u0131 Ay\u015feg\u00fcl Parlak, &#8220;Yang\u0131n, ilk olarak D\u00fczce Mahallesi\u2019nin eski yolu \u00fczerinde, TOK\u0130\u2019ye yak\u0131n bir b\u00f6lgede \u00e7\u0131kt\u0131. Alevler, D\u00fczce\u2019den ba\u015flayarak TOK\u0130 y\u00f6n\u00fcne do\u011fru s\u0131\u00e7rad\u0131. Ne yaz\u0131k ki yang\u0131na ba\u015flang\u0131\u00e7ta m\u00fcdahale edemedik. Hem havadan hem de karadan ekipler geldi ancak r\u00fczgar\u0131n etkisiyle alevlerin aras\u0131nda kald\u0131k. \u0130tfaiye ekipleri o anda \u00e7ok kontroll\u00fc davrand\u0131. Hemen TOK\u0130\u2019ye giden yolu kestiler ve b\u00f6ylece yang\u0131n\u0131n \u00f6n\u00fcn\u00fc kesmeyi ba\u015fard\u0131lar. Bu s\u0131rada biz de TOK\u0130\u2019yi tahliye ettik. \u015eu anda TOK\u0130\u2019de yakla\u015f\u0131k bin 500 ki\u015fi ya\u015f\u0131yor. Her hane dolu olmasa da dolu hane say\u0131s\u0131 olduk\u00e7a fazla. T\u00fcm bu haneleri tahliye ettik. Tahliyeleri belediyeye ait otob\u00fcslerle, vatanda\u015flar\u0131n kendi ara\u00e7lar\u0131yla ve arama kurtarma ekiplerinin yard\u0131m\u0131yla ger\u00e7ekle\u015ftirdik. \u0130\u00e7lerinde ya\u015fl\u0131lar\u0131m\u0131z ve hastalar\u0131m\u0131z da vard\u0131; onlar\u0131 da g\u00fcvenli bir \u015fekilde tahliye ettik. \u015eu anda TOK\u0130\u2019de herhangi bir sorun kalmad\u0131&#8221; dedi.<br \/><\/p>\n","protected":false},"excerpt":{"rendered":"<p>\u0130zmir\u2019in Seferihisar il\u00e7esi Azmakyolu mevkisinde \u00e7\u0131kan yang\u0131n nedeniyle bin 500 ki\u015filik TOK\u0130 konutlar\u0131 tedbir ama\u00e7l\u0131 tahliye edildi. \u0130tfaiye ekiplerinin \u00e7al\u0131\u015fmas\u0131yla yang\u0131n kontrol alt\u0131na al\u0131n\u0131rken so\u011futma \u00e7al\u0131\u015fmalar\u0131 devam ediyor. \u0130zmir\u2019in Menderes ve Seferihisar il\u00e7eleri s\u0131n\u0131rlar\u0131nda 29 Haziran\u2019da ba\u015flayan orman yang\u0131n\u0131 devam ederken, Seferihisar\u2019da ikinci bir yang\u0131n daha \u00e7\u0131kt\u0131. Azmakyolu mevkisinde saat 17.00 s\u0131ralar\u0131nda otluk ve makilik&#8230;<\/p>\n","protected":false},"author":1,"featured_media":39238,"comment_status":"open","ping_status":"open","sticky":false,"template":"","format":"standard","meta":{"_crdt_document":"","footnotes":""},"categories":[5],"tags":[],"class_list":["post-39237","post","type-post","status-publish","format-standard","has-post-thumbnail","hentry","category-asayis"],"_links":{"self":[{"href":"https:\/\/www.egemtv.com\/index.php?rest_route=\/wp\/v2\/posts\/39237","targetHints":{"allow":["GET"]}}],"collection":[{"href":"https:\/\/www.egemtv.com\/index.php?rest_route=\/wp\/v2\/posts"}],"about":[{"href":"https:\/\/www.egemtv.com\/index.php?rest_route=\/wp\/v2\/types\/post"}],"author":[{"embeddable":true,"href":"https:\/\/www.egemtv.com\/index.php?rest_route=\/wp\/v2\/users\/1"}],"replies":[{"embeddable":true,"href":"https:\/\/www.egemtv.com\/index.php?rest_route=%2Fwp%2Fv2%2Fcomments&post=39237"}],"version-history":[{"count":1,"href":"https:\/\/www.egemtv.com\/index.php?rest_route=\/wp\/v2\/posts\/39237\/revisions"}],"predecessor-version":[{"id":39239,"href":"https:\/\/www.egemtv.com\/index.php?rest_route=\/wp\/v2\/posts\/39237\/revisions\/39239"}],"wp:featuredmedia":[{"embeddable":true,"href":"https:\/\/www.egemtv.com\/index.php?rest_route=\/wp\/v2\/media\/39238"}],"wp:attachment":[{"href":"https:\/\/www.egemtv.com\/index.php?rest_route=%2Fwp%2Fv2%2Fmedia&parent=39237"}],"wp:term":[{"taxonomy":"category","embeddable":true,"href":"https:\/\/www.egemtv.com\/index.php?rest_route=%2Fwp%2Fv2%2Fcategories&post=39237"},{"taxonomy":"post_tag","embeddable":true,"href":"https:\/\/www.egemtv.com\/index.php?rest_route=%2Fwp%2Fv2%2Ftags&post=39237"}],"curies":[{"name":"wp","href":"https:\/\/api.w.org\/{rel}","templated":true}]}}