{"id":39234,"date":"2025-07-01T20:15:53","date_gmt":"2025-07-01T17:15:53","guid":{"rendered":"https:\/\/www.egemtv.com\/?p=39234"},"modified":"2025-07-01T20:15:56","modified_gmt":"2025-07-01T17:15:56","slug":"ispartadaki-orman-yangininda-20-hektar-alan-zarar-gordu","status":"publish","type":"post","link":"https:\/\/www.egemtv.com\/?p=39234","title":{"rendered":"Isparta\u2019daki orman yang\u0131n\u0131nda 20 hektar alan zarar g\u00f6rd\u00fc"},"content":{"rendered":"<p>Isparta\u2019n\u0131n S\u00fct\u00e7\u00fcler il\u00e7esinde \u00e7\u0131kan orman yang\u0131n\u0131, ekiplerin yo\u011fun m\u00fcdahalesiyle kontrol alt\u0131na al\u0131nd\u0131. Yang\u0131nda 20 hektarl\u0131k alan zarar g\u00f6rd\u00fc.<br \/>\n<br \/>S\u00fct\u00e7\u00fcler il\u00e7esi A\u015fa\u011f\u0131yaylabel k\u00f6y\u00fcnde ormanl\u0131k alanda saat 11.25\u2019te yang\u0131n \u00e7\u0131kt\u0131. \u0130hbar \u00fczerine b\u00f6lgeye ekipler sevk edildi. Isparta Valisi Abdullah Erin\u2019in ba\u015fkanl\u0131\u011f\u0131nda Afet ve Acil Durum Koordinasyon Kurulu toplanarak TAMP Plan\u0131 devreye al\u0131nd\u0131, \u00e7al\u0131\u015fmalar koordine edildi.<\/p>\n<p>6 saat sonra kontrol alt\u0131na al\u0131nd\u0131<br \/>\n<br \/>202 personel ve 76 ara\u00e7la karadan, 2 helikopterle ise havadan m\u00fcdahale edilen yang\u0131n Valilikten yap\u0131lan a\u00e7\u0131klamaya g\u00f6re, saat 17.00 itibar\u0131yla kontrol alt\u0131na al\u0131nd\u0131. Yang\u0131nda ilk belirlemelere g\u00f6re yakla\u015f\u0131k 20 hektarl\u0131k ormanl\u0131k alan zarar g\u00f6rd\u00fc\u011f\u00fc bildirildi. B\u00f6lgedeki so\u011futma \u00e7al\u0131\u015fmalar\u0131n\u0131n devam etti\u011fi \u00f6\u011frenildi.<br \/>\n<br \/>Yang\u0131n\u0131n do\u011fal nedenlerle \u00e7\u0131kt\u0131\u011f\u0131 de\u011ferlendirilirken, A\u015fa\u011f\u0131yaylabel k\u00f6y\u00fcne ba\u011fl\u0131 Yaka ve Ayana\u00e7 mezralar\u0131nda ya\u015fayan 50 ki\u015fi tedbir ama\u00e7l\u0131 tahliye edildi. Yerle\u015fim yerlerinde herhangi bir can veya mal kayb\u0131 ya\u015fanmad\u0131.<br \/><\/p>\n","protected":false},"excerpt":{"rendered":"<p>Isparta\u2019n\u0131n S\u00fct\u00e7\u00fcler il\u00e7esinde \u00e7\u0131kan orman yang\u0131n\u0131, ekiplerin yo\u011fun m\u00fcdahalesiyle kontrol alt\u0131na al\u0131nd\u0131. Yang\u0131nda 20 hektarl\u0131k alan zarar g\u00f6rd\u00fc. S\u00fct\u00e7\u00fcler il\u00e7esi A\u015fa\u011f\u0131yaylabel k\u00f6y\u00fcnde ormanl\u0131k alanda saat 11.25\u2019te yang\u0131n \u00e7\u0131kt\u0131. \u0130hbar \u00fczerine b\u00f6lgeye ekipler sevk edildi. Isparta Valisi Abdullah Erin\u2019in ba\u015fkanl\u0131\u011f\u0131nda Afet ve Acil Durum Koordinasyon Kurulu toplanarak TAMP Plan\u0131 devreye al\u0131nd\u0131, \u00e7al\u0131\u015fmalar koordine edildi. 6 saat&#8230;<\/p>\n","protected":false},"author":1,"featured_media":39235,"comment_status":"open","ping_status":"open","sticky":false,"template":"","format":"standard","meta":{"_crdt_document":"","footnotes":""},"categories":[5],"tags":[],"class_list":["post-39234","post","type-post","status-publish","format-standard","has-post-thumbnail","hentry","category-asayis"],"_links":{"self":[{"href":"https:\/\/www.egemtv.com\/index.php?rest_route=\/wp\/v2\/posts\/39234","targetHints":{"allow":["GET"]}}],"collection":[{"href":"https:\/\/www.egemtv.com\/index.php?rest_route=\/wp\/v2\/posts"}],"about":[{"href":"https:\/\/www.egemtv.com\/index.php?rest_route=\/wp\/v2\/types\/post"}],"author":[{"embeddable":true,"href":"https:\/\/www.egemtv.com\/index.php?rest_route=\/wp\/v2\/users\/1"}],"replies":[{"embeddable":true,"href":"https:\/\/www.egemtv.com\/index.php?rest_route=%2Fwp%2Fv2%2Fcomments&post=39234"}],"version-history":[{"count":1,"href":"https:\/\/www.egemtv.com\/index.php?rest_route=\/wp\/v2\/posts\/39234\/revisions"}],"predecessor-version":[{"id":39236,"href":"https:\/\/www.egemtv.com\/index.php?rest_route=\/wp\/v2\/posts\/39234\/revisions\/39236"}],"wp:featuredmedia":[{"embeddable":true,"href":"https:\/\/www.egemtv.com\/index.php?rest_route=\/wp\/v2\/media\/39235"}],"wp:attachment":[{"href":"https:\/\/www.egemtv.com\/index.php?rest_route=%2Fwp%2Fv2%2Fmedia&parent=39234"}],"wp:term":[{"taxonomy":"category","embeddable":true,"href":"https:\/\/www.egemtv.com\/index.php?rest_route=%2Fwp%2Fv2%2Fcategories&post=39234"},{"taxonomy":"post_tag","embeddable":true,"href":"https:\/\/www.egemtv.com\/index.php?rest_route=%2Fwp%2Fv2%2Ftags&post=39234"}],"curies":[{"name":"wp","href":"https:\/\/api.w.org\/{rel}","templated":true}]}}