{"id":39231,"date":"2025-07-01T19:15:57","date_gmt":"2025-07-01T16:15:57","guid":{"rendered":"https:\/\/www.egemtv.com\/?p=39231"},"modified":"2025-07-01T19:16:02","modified_gmt":"2025-07-01T16:16:02","slug":"cukurbag-spor-tesisine-merhum-baskan-ferdi-zeyrekin-ismi-verildi","status":"publish","type":"post","link":"https:\/\/www.egemtv.com\/?p=39231","title":{"rendered":"\u00c7ukurba\u011f Spor Tesisi\u2019ne merhum Ba\u015fkan Ferdi Zeyrek\u2019in ismi verildi"},"content":{"rendered":"<p>Manisa\u2019n\u0131n sevilen siyaset\u00e7ilerinden ve ge\u00e7ti\u011fimiz aylarda hayat\u0131n\u0131 kaybeden Manisa B\u00fcy\u00fck\u015fehir Belediye Ba\u015fkan\u0131 Mimar Ferdi Zeyrek\u2019in ismi Kula\u2019da ya\u015fat\u0131lacak.<br \/>\n<br \/>Kula Belediyesi\u2019nin Temmuz ay\u0131 meclis toplant\u0131s\u0131nda al\u0131nan kararla, Zaferiye Mahallesi\u2019nde bulunan ve halk aras\u0131nda &#8220;\u00c7ukurba\u011f&#8221; olarak bilinen spor tesisi ve sosyal alan\u0131n ad\u0131, &#8220;Mimar Ferdi Zeyrek Spor ve Sosyal Tesisleri&#8221; olarak de\u011fi\u015ftirildi.<br \/>\n<br \/>Kula Belediye Ba\u015fkan\u0131 Hikmet D\u00f6nmez, al\u0131nan kararla ilgili yapt\u0131\u011f\u0131 a\u00e7\u0131klamada, &#8220;Merhum Ba\u015fkan\u0131m\u0131z Mimar Ferdi Zeyrek\u2019in ad\u0131n\u0131 il\u00e7emizde ya\u015fatmak istedik. Zaferiye Mahallemizde yer alan, i\u00e7erisinde hal\u0131 saha, sosyal tesis ve park alan\u0131 bulunan bu \u00f6nemli tesisin isminin, de\u011ferli ba\u015fkan\u0131m\u0131z\u0131n ad\u0131yla an\u0131lmas\u0131 bizler i\u00e7in b\u00fcy\u00fck bir onurdur. Bu \u00f6nerimiz, meclis \u00fcyelerimizin oy birli\u011fiyle kabul edildi. T\u00fcm meclis \u00fcyelerimize te\u015fekk\u00fcr ediyorum,&#8221; ifadelerini kulland\u0131. Manisa\u2019da \u00f6nemli projelere imza atan ve k\u0131sa s\u00fcre \u00f6nce kaybetti\u011fimiz Mimar Ferdi Zeyrek\u2019in ismi, bu kararla birlikte Kula\u2019da kal\u0131c\u0131 olarak ya\u015fat\u0131lm\u0131\u015f olacak. Tesiste ger\u00e7ekle\u015ftirilecek sportif ve sosyal etkinliklerle, Zeyrek\u2019in kent ya\u015fam\u0131na katt\u0131\u011f\u0131 de\u011ferler gelecek nesillere aktar\u0131lacak.<br \/><\/p>\n","protected":false},"excerpt":{"rendered":"<p>Manisa\u2019n\u0131n sevilen siyaset\u00e7ilerinden ve ge\u00e7ti\u011fimiz aylarda hayat\u0131n\u0131 kaybeden Manisa B\u00fcy\u00fck\u015fehir Belediye Ba\u015fkan\u0131 Mimar Ferdi Zeyrek\u2019in ismi Kula\u2019da ya\u015fat\u0131lacak. Kula Belediyesi\u2019nin Temmuz ay\u0131 meclis toplant\u0131s\u0131nda al\u0131nan kararla, Zaferiye Mahallesi\u2019nde bulunan ve halk aras\u0131nda &#8220;\u00c7ukurba\u011f&#8221; olarak bilinen spor tesisi ve sosyal alan\u0131n ad\u0131, &#8220;Mimar Ferdi Zeyrek Spor ve Sosyal Tesisleri&#8221; olarak de\u011fi\u015ftirildi. Kula Belediye Ba\u015fkan\u0131 Hikmet D\u00f6nmez,&#8230;<\/p>\n","protected":false},"author":1,"featured_media":39232,"comment_status":"open","ping_status":"open","sticky":false,"template":"","format":"standard","meta":{"_crdt_document":"","footnotes":""},"categories":[1],"tags":[],"class_list":["post-39231","post","type-post","status-publish","format-standard","has-post-thumbnail","hentry","category-guncel"],"_links":{"self":[{"href":"https:\/\/www.egemtv.com\/index.php?rest_route=\/wp\/v2\/posts\/39231","targetHints":{"allow":["GET"]}}],"collection":[{"href":"https:\/\/www.egemtv.com\/index.php?rest_route=\/wp\/v2\/posts"}],"about":[{"href":"https:\/\/www.egemtv.com\/index.php?rest_route=\/wp\/v2\/types\/post"}],"author":[{"embeddable":true,"href":"https:\/\/www.egemtv.com\/index.php?rest_route=\/wp\/v2\/users\/1"}],"replies":[{"embeddable":true,"href":"https:\/\/www.egemtv.com\/index.php?rest_route=%2Fwp%2Fv2%2Fcomments&post=39231"}],"version-history":[{"count":1,"href":"https:\/\/www.egemtv.com\/index.php?rest_route=\/wp\/v2\/posts\/39231\/revisions"}],"predecessor-version":[{"id":39233,"href":"https:\/\/www.egemtv.com\/index.php?rest_route=\/wp\/v2\/posts\/39231\/revisions\/39233"}],"wp:featuredmedia":[{"embeddable":true,"href":"https:\/\/www.egemtv.com\/index.php?rest_route=\/wp\/v2\/media\/39232"}],"wp:attachment":[{"href":"https:\/\/www.egemtv.com\/index.php?rest_route=%2Fwp%2Fv2%2Fmedia&parent=39231"}],"wp:term":[{"taxonomy":"category","embeddable":true,"href":"https:\/\/www.egemtv.com\/index.php?rest_route=%2Fwp%2Fv2%2Fcategories&post=39231"},{"taxonomy":"post_tag","embeddable":true,"href":"https:\/\/www.egemtv.com\/index.php?rest_route=%2Fwp%2Fv2%2Ftags&post=39231"}],"curies":[{"name":"wp","href":"https:\/\/api.w.org\/{rel}","templated":true}]}}