{"id":39228,"date":"2025-07-01T19:15:49","date_gmt":"2025-07-01T16:15:49","guid":{"rendered":"https:\/\/www.egemtv.com\/?p=39228"},"modified":"2025-07-01T19:15:57","modified_gmt":"2025-07-01T16:15:57","slug":"yeni-aldigi-otomobil-1-saat-icinde-kule-dondu","status":"publish","type":"post","link":"https:\/\/www.egemtv.com\/?p=39228","title":{"rendered":"Yeni ald\u0131\u011f\u0131 otomobil 1 saat i\u00e7inde k\u00fcle d\u00f6nd\u00fc"},"content":{"rendered":"<p>Ayd\u0131n\u2019\u0131n Ku\u015fadas\u0131 il\u00e7esinden ald\u0131\u011f\u0131 otomobilini eve g\u00f6t\u00fcrmek isteyen gen\u00e7 s\u00fcr\u00fcc\u00fcn\u00fcn sevinci yar\u0131m kald\u0131. Hen\u00fcz 1 saat \u00f6nce sat\u0131n al\u0131nan ara\u00e7, benzin ak\u0131tmas\u0131 sonucu bir anda alev ald\u0131. K\u0131sa s\u00fcrede k\u00fcle d\u00f6nen otomobil kullan\u0131lamaz hale geldi.<\/p>\n<p>Olay, Efeler il\u00e7esi Denizli Bulvar\u0131 \u00fczerinde saat 17.00 s\u0131ralar\u0131nda meydana geldi. Edinilen bilgiye g\u00f6re U.T. idaresindeki 09 VF 634 plakal\u0131 Tofa\u015f marka otomobilden seyir halindeyken benzin akmaya ba\u015flad\u0131. Ara\u00e7tan s\u0131z\u0131nt\u0131 oldu\u011funu fark eden di\u011fer s\u00fcr\u00fcc\u00fcler, ara\u00e7 s\u00fcr\u00fcc\u00fcs\u00fc U.T.\u2019yi uyard\u0131. Gen\u00e7 s\u00fcr\u00fcc\u00fc kontrol etmek amac\u0131yla arac\u0131n\u0131 otob\u00fcs dura\u011f\u0131na \u00e7ekti\u011fi esnada otomobil bir anda alev ald\u0131. Alevler k\u0131sa s\u00fcrede arac\u0131 sararken, vatanda\u015flar durumu 112 Acil \u00c7a\u011fr\u0131 Merkezi\u2019ne bildirdi. \u0130hbar \u00fczerine b\u00f6lgeye itfaiye ve polis ekipleri sevk edildi. K\u0131sa s\u00fcrede b\u00f6lgeye gelen ekipler, alevlere m\u00fcdahale etti. Ekiplerin m\u00fcdahalesiyle yang\u0131n s\u00f6nd\u00fcr\u00fcl\u00fcrken, otomobil kullan\u0131lamaz hale geldi. \u0130tfaiye ekipleri, so\u011futma \u00e7al\u0131\u015fmas\u0131 ger\u00e7ekle\u015ftirirken olayla ilgili inceleme ba\u015flat\u0131ld\u0131.<\/p>\n<p>1 saatlik ara\u00e7 1 dakikada k\u00fcle d\u00f6nd\u00fc<br \/>\n<br \/>\u00d6te yandan talihsiz s\u00fcr\u00fcc\u00fc U.T.\u2019nin arac\u0131 yakla\u015f\u0131k 1 saat \u00f6nce Ku\u015fadas\u0131 il\u00e7esinden sat\u0131n ald\u0131\u011f\u0131 \u00f6\u011frenildi. Eve gitmek i\u00e7in yola \u00e7\u0131kan U.T., yeni ald\u0131\u011f\u0131 otomobilin k\u0131sa s\u00fcrede k\u00fcle d\u00f6nmesi kar\u015f\u0131s\u0131nda neye u\u011frad\u0131\u011f\u0131n\u0131 \u015fa\u015f\u0131r\u0131rken, gen\u00e7 s\u00fcr\u00fcc\u00fcn\u00fcn arac\u0131 ald\u0131\u011f\u0131 ki\u015filerden \u015fikayet\u00e7i olaca\u011f\u0131 \u00f6\u011frenildi.<br \/><\/p>\n","protected":false},"excerpt":{"rendered":"<p>Ayd\u0131n\u2019\u0131n Ku\u015fadas\u0131 il\u00e7esinden ald\u0131\u011f\u0131 otomobilini eve g\u00f6t\u00fcrmek isteyen gen\u00e7 s\u00fcr\u00fcc\u00fcn\u00fcn sevinci yar\u0131m kald\u0131. Hen\u00fcz 1 saat \u00f6nce sat\u0131n al\u0131nan ara\u00e7, benzin ak\u0131tmas\u0131 sonucu bir anda alev ald\u0131. K\u0131sa s\u00fcrede k\u00fcle d\u00f6nen otomobil kullan\u0131lamaz hale geldi. Olay, Efeler il\u00e7esi Denizli Bulvar\u0131 \u00fczerinde saat 17.00 s\u0131ralar\u0131nda meydana geldi. Edinilen bilgiye g\u00f6re U.T. idaresindeki 09 VF 634 plakal\u0131&#8230;<\/p>\n","protected":false},"author":1,"featured_media":39229,"comment_status":"open","ping_status":"open","sticky":false,"template":"","format":"standard","meta":{"_crdt_document":"","footnotes":""},"categories":[5],"tags":[],"class_list":["post-39228","post","type-post","status-publish","format-standard","has-post-thumbnail","hentry","category-asayis"],"_links":{"self":[{"href":"https:\/\/www.egemtv.com\/index.php?rest_route=\/wp\/v2\/posts\/39228","targetHints":{"allow":["GET"]}}],"collection":[{"href":"https:\/\/www.egemtv.com\/index.php?rest_route=\/wp\/v2\/posts"}],"about":[{"href":"https:\/\/www.egemtv.com\/index.php?rest_route=\/wp\/v2\/types\/post"}],"author":[{"embeddable":true,"href":"https:\/\/www.egemtv.com\/index.php?rest_route=\/wp\/v2\/users\/1"}],"replies":[{"embeddable":true,"href":"https:\/\/www.egemtv.com\/index.php?rest_route=%2Fwp%2Fv2%2Fcomments&post=39228"}],"version-history":[{"count":1,"href":"https:\/\/www.egemtv.com\/index.php?rest_route=\/wp\/v2\/posts\/39228\/revisions"}],"predecessor-version":[{"id":39230,"href":"https:\/\/www.egemtv.com\/index.php?rest_route=\/wp\/v2\/posts\/39228\/revisions\/39230"}],"wp:featuredmedia":[{"embeddable":true,"href":"https:\/\/www.egemtv.com\/index.php?rest_route=\/wp\/v2\/media\/39229"}],"wp:attachment":[{"href":"https:\/\/www.egemtv.com\/index.php?rest_route=%2Fwp%2Fv2%2Fmedia&parent=39228"}],"wp:term":[{"taxonomy":"category","embeddable":true,"href":"https:\/\/www.egemtv.com\/index.php?rest_route=%2Fwp%2Fv2%2Fcategories&post=39228"},{"taxonomy":"post_tag","embeddable":true,"href":"https:\/\/www.egemtv.com\/index.php?rest_route=%2Fwp%2Fv2%2Ftags&post=39228"}],"curies":[{"name":"wp","href":"https:\/\/api.w.org\/{rel}","templated":true}]}}