{"id":39225,"date":"2025-07-01T18:15:54","date_gmt":"2025-07-01T15:15:54","guid":{"rendered":"https:\/\/www.egemtv.com\/?p=39225"},"modified":"2025-07-01T18:15:59","modified_gmt":"2025-07-01T15:15:59","slug":"ispartadaki-orman-yangini-kontrol-altina-alindi","status":"publish","type":"post","link":"https:\/\/www.egemtv.com\/?p=39225","title":{"rendered":"Isparta\u2019daki orman yang\u0131n\u0131 kontrol alt\u0131na al\u0131nd\u0131"},"content":{"rendered":"<p>Isparta\u2019n\u0131n S\u00fct\u00e7\u00fcler il\u00e7esinde \u00e7\u0131kan orman yang\u0131n\u0131, ekiplerin havadan ve karadan m\u00fcdahalesi sonucu kontrol alt\u0131na al\u0131nd\u0131.<br \/>\n<br \/>Yang\u0131n, saat 11.25 s\u0131ralar\u0131nda A\u015fa\u011f\u0131yaylabel k\u00f6y\u00fc S\u00fct\u00e7\u00fcler Orman \u0130\u015fletme M\u00fcd\u00fcrl\u00fc\u011f\u00fc sorumluluk sahas\u0131nda \u00e7\u0131kt\u0131. Hen\u00fcz belirlenemeyen bir nedenle ba\u015flayan yang\u0131n, r\u00fczgar\u0131n da etkisiyle k\u0131sa s\u00fcrede b\u00fcy\u00fcyerek geni\u015f bir alana yay\u0131ld\u0131. \u0130hbar \u00fczerine b\u00f6lgeye Isparta ve S\u00fct\u00e7\u00fcler Orman \u0130\u015fletme M\u00fcd\u00fcrl\u00fcklerine ba\u011fl\u0131 \u00e7ok say\u0131da araz\u00f6z, jandarma ve sa\u011fl\u0131k ekipleri sevk edildi.<br \/>\n<br \/>Yang\u0131na 2 helikopter ile havadan m\u00fcdahale edilirken, \u00e7evre il\u00e7elerden sevk edilen \u00e7ok say\u0131da orman ekibi de karadan yo\u011fun bir \u015fekilde s\u00f6nd\u00fcrme \u00e7al\u0131\u015fmalar\u0131na kat\u0131ld\u0131.<br \/>\n<br \/>Ekiplerin m\u00fcdahalesi sonucu yang\u0131n 6 saatte kontrol alt\u0131na al\u0131n\u0131rken, so\u011futma \u00e7al\u0131\u015fmalar\u0131 ve b\u00f6lgede zarar g\u00f6ren alan\u0131n belirlenmesi i\u00e7in \u00e7al\u0131\u015fmalar\u0131n s\u00fcrd\u00fc\u011f\u00fc bildirildi.<br \/><\/p>\n","protected":false},"excerpt":{"rendered":"<p>Isparta\u2019n\u0131n S\u00fct\u00e7\u00fcler il\u00e7esinde \u00e7\u0131kan orman yang\u0131n\u0131, ekiplerin havadan ve karadan m\u00fcdahalesi sonucu kontrol alt\u0131na al\u0131nd\u0131. Yang\u0131n, saat 11.25 s\u0131ralar\u0131nda A\u015fa\u011f\u0131yaylabel k\u00f6y\u00fc S\u00fct\u00e7\u00fcler Orman \u0130\u015fletme M\u00fcd\u00fcrl\u00fc\u011f\u00fc sorumluluk sahas\u0131nda \u00e7\u0131kt\u0131. Hen\u00fcz belirlenemeyen bir nedenle ba\u015flayan yang\u0131n, r\u00fczgar\u0131n da etkisiyle k\u0131sa s\u00fcrede b\u00fcy\u00fcyerek geni\u015f bir alana yay\u0131ld\u0131. \u0130hbar \u00fczerine b\u00f6lgeye Isparta ve S\u00fct\u00e7\u00fcler Orman \u0130\u015fletme M\u00fcd\u00fcrl\u00fcklerine ba\u011fl\u0131 \u00e7ok&#8230;<\/p>\n","protected":false},"author":1,"featured_media":39226,"comment_status":"open","ping_status":"open","sticky":false,"template":"","format":"standard","meta":{"_crdt_document":"","footnotes":""},"categories":[5],"tags":[],"class_list":["post-39225","post","type-post","status-publish","format-standard","has-post-thumbnail","hentry","category-asayis"],"_links":{"self":[{"href":"https:\/\/www.egemtv.com\/index.php?rest_route=\/wp\/v2\/posts\/39225","targetHints":{"allow":["GET"]}}],"collection":[{"href":"https:\/\/www.egemtv.com\/index.php?rest_route=\/wp\/v2\/posts"}],"about":[{"href":"https:\/\/www.egemtv.com\/index.php?rest_route=\/wp\/v2\/types\/post"}],"author":[{"embeddable":true,"href":"https:\/\/www.egemtv.com\/index.php?rest_route=\/wp\/v2\/users\/1"}],"replies":[{"embeddable":true,"href":"https:\/\/www.egemtv.com\/index.php?rest_route=%2Fwp%2Fv2%2Fcomments&post=39225"}],"version-history":[{"count":1,"href":"https:\/\/www.egemtv.com\/index.php?rest_route=\/wp\/v2\/posts\/39225\/revisions"}],"predecessor-version":[{"id":39227,"href":"https:\/\/www.egemtv.com\/index.php?rest_route=\/wp\/v2\/posts\/39225\/revisions\/39227"}],"wp:featuredmedia":[{"embeddable":true,"href":"https:\/\/www.egemtv.com\/index.php?rest_route=\/wp\/v2\/media\/39226"}],"wp:attachment":[{"href":"https:\/\/www.egemtv.com\/index.php?rest_route=%2Fwp%2Fv2%2Fmedia&parent=39225"}],"wp:term":[{"taxonomy":"category","embeddable":true,"href":"https:\/\/www.egemtv.com\/index.php?rest_route=%2Fwp%2Fv2%2Fcategories&post=39225"},{"taxonomy":"post_tag","embeddable":true,"href":"https:\/\/www.egemtv.com\/index.php?rest_route=%2Fwp%2Fv2%2Ftags&post=39225"}],"curies":[{"name":"wp","href":"https:\/\/api.w.org\/{rel}","templated":true}]}}