{"id":39222,"date":"2025-07-01T18:15:51","date_gmt":"2025-07-01T15:15:51","guid":{"rendered":"https:\/\/www.egemtv.com\/?p=39222"},"modified":"2025-07-01T18:15:54","modified_gmt":"2025-07-01T15:15:54","slug":"depoda-cikan-yangin-itfaiye-ve-koyluler-tarafindan-sonduruldu","status":"publish","type":"post","link":"https:\/\/www.egemtv.com\/?p=39222","title":{"rendered":"Depoda \u00e7\u0131kan yang\u0131n itfaiye ve k\u00f6yl\u00fcler taraf\u0131ndan s\u00f6nd\u00fcr\u00fcld\u00fc"},"content":{"rendered":"<p>Isparta\u2019n\u0131n \u015earkikaraa\u011fa\u00e7 il\u00e7esinde bir depoda \u00e7\u0131kan yang\u0131n pani\u011fe neden oldu. Alevler, k\u00f6yl\u00fclerin ve itfaiye ekiplerinin m\u00fcdahalesiyle yan binalara s\u0131\u00e7ramadan s\u00f6nd\u00fcr\u00fcld\u00fc.<br \/>\n<br \/>Olay, \u015earkikaraa\u011fa\u00e7 il\u00e7esine ba\u011fl\u0131 Arak k\u00f6y\u00fcnde meydana geldi. Edinilen bilgiye g\u00f6re, R.A.\u2019ya ait depo olarak kullan\u0131lan yap\u0131da hen\u00fcz belirlenemeyen bir nedenle yang\u0131n \u00e7\u0131kt\u0131. Dumanlar\u0131 fark eden k\u00f6yl\u00fclerin ihbar\u0131 \u00fczerine olay yerine itfaiye ekipleri sevk edildi. K\u0131sa s\u00fcrede b\u00f6lgeye ula\u015fan ekipler, k\u00f6y halk\u0131n\u0131n da yard\u0131m\u0131yla yang\u0131na m\u00fcdahale etti. Alevler, \u00e7evredeki di\u011fer yap\u0131lara s\u0131\u00e7ramadan kontrol alt\u0131na al\u0131narak s\u00f6nd\u00fcr\u00fcld\u00fc.<br \/>\n<br \/>Yang\u0131nda can kayb\u0131 ya\u015fanmazken, depoda maddi hasar meydana geldi. Olayla ilgili soru\u015fturma ba\u015flat\u0131ld\u0131.<br \/><\/p>\n","protected":false},"excerpt":{"rendered":"<p>Isparta\u2019n\u0131n \u015earkikaraa\u011fa\u00e7 il\u00e7esinde bir depoda \u00e7\u0131kan yang\u0131n pani\u011fe neden oldu. Alevler, k\u00f6yl\u00fclerin ve itfaiye ekiplerinin m\u00fcdahalesiyle yan binalara s\u0131\u00e7ramadan s\u00f6nd\u00fcr\u00fcld\u00fc. Olay, \u015earkikaraa\u011fa\u00e7 il\u00e7esine ba\u011fl\u0131 Arak k\u00f6y\u00fcnde meydana geldi. Edinilen bilgiye g\u00f6re, R.A.\u2019ya ait depo olarak kullan\u0131lan yap\u0131da hen\u00fcz belirlenemeyen bir nedenle yang\u0131n \u00e7\u0131kt\u0131. Dumanlar\u0131 fark eden k\u00f6yl\u00fclerin ihbar\u0131 \u00fczerine olay yerine itfaiye ekipleri sevk edildi&#8230;.<\/p>\n","protected":false},"author":1,"featured_media":39223,"comment_status":"open","ping_status":"open","sticky":false,"template":"","format":"standard","meta":{"_crdt_document":"","footnotes":""},"categories":[5],"tags":[],"class_list":["post-39222","post","type-post","status-publish","format-standard","has-post-thumbnail","hentry","category-asayis"],"_links":{"self":[{"href":"https:\/\/www.egemtv.com\/index.php?rest_route=\/wp\/v2\/posts\/39222","targetHints":{"allow":["GET"]}}],"collection":[{"href":"https:\/\/www.egemtv.com\/index.php?rest_route=\/wp\/v2\/posts"}],"about":[{"href":"https:\/\/www.egemtv.com\/index.php?rest_route=\/wp\/v2\/types\/post"}],"author":[{"embeddable":true,"href":"https:\/\/www.egemtv.com\/index.php?rest_route=\/wp\/v2\/users\/1"}],"replies":[{"embeddable":true,"href":"https:\/\/www.egemtv.com\/index.php?rest_route=%2Fwp%2Fv2%2Fcomments&post=39222"}],"version-history":[{"count":1,"href":"https:\/\/www.egemtv.com\/index.php?rest_route=\/wp\/v2\/posts\/39222\/revisions"}],"predecessor-version":[{"id":39224,"href":"https:\/\/www.egemtv.com\/index.php?rest_route=\/wp\/v2\/posts\/39222\/revisions\/39224"}],"wp:featuredmedia":[{"embeddable":true,"href":"https:\/\/www.egemtv.com\/index.php?rest_route=\/wp\/v2\/media\/39223"}],"wp:attachment":[{"href":"https:\/\/www.egemtv.com\/index.php?rest_route=%2Fwp%2Fv2%2Fmedia&parent=39222"}],"wp:term":[{"taxonomy":"category","embeddable":true,"href":"https:\/\/www.egemtv.com\/index.php?rest_route=%2Fwp%2Fv2%2Fcategories&post=39222"},{"taxonomy":"post_tag","embeddable":true,"href":"https:\/\/www.egemtv.com\/index.php?rest_route=%2Fwp%2Fv2%2Ftags&post=39222"}],"curies":[{"name":"wp","href":"https:\/\/api.w.org\/{rel}","templated":true}]}}