{"id":39219,"date":"2025-07-01T17:58:22","date_gmt":"2025-07-01T14:58:22","guid":{"rendered":"https:\/\/www.egemtv.com\/?p=39219"},"modified":"2025-07-01T17:58:27","modified_gmt":"2025-07-01T14:58:27","slug":"selendide-aniz-yangini-korkuttu","status":"publish","type":"post","link":"https:\/\/www.egemtv.com\/?p=39219","title":{"rendered":"Selendi\u2019de an\u0131z yang\u0131n\u0131 korkuttu"},"content":{"rendered":"<p>MAN\u0130SA (\u0130HA) \u2013 Manisa\u2019n\u0131n Selendi il\u00e7esinde \u00e7\u0131kan an\u0131z yang\u0131n\u0131 ormana s\u0131\u00e7ramadan itfaiye ekiplerinin yo\u011fun \u00e7abas\u0131yla s\u00f6nd\u00fcr\u00fcld\u00fc.<br \/>\n<br \/>\u0130l\u00e7eye ba\u011fl\u0131 K\u0131n\u0131k Mahallesi Urfal\u0131lar Sokak mevkiindeki tarlada an\u0131z yak\u0131m\u0131 s\u0131ras\u0131nda yang\u0131n \u00e7\u0131kt\u0131. \u00c7evredeki vatanda\u015flar\u0131n ihbar\u0131 \u00fczerine b\u00f6lgeye Manisa B\u00fcy\u00fck\u015fehir Belediyesi Selendi \u0130tfaiye Amirli\u011fi ekipleri ile Selendi Orman \u0130\u015fletme \u015eefli\u011fi\u2019ne ba\u011fl\u0131 ekipler sevk edildi. Karadan yap\u0131lan h\u0131zl\u0131 m\u00fcdahale sayesinde alevler kontrol alt\u0131na al\u0131nd\u0131. Ekipler, yang\u0131n\u0131n yak\u0131ndaki ormanl\u0131k alana ve yerle\u015fim birimlerine ula\u015fmamas\u0131 i\u00e7in yo\u011fun \u00e7aba sarf etti. Yang\u0131n, k\u0131sa s\u00fcrede kontrol alt\u0131na al\u0131narak s\u00f6nd\u00fcr\u00fcld\u00fc.<br \/><\/p>\n","protected":false},"excerpt":{"rendered":"<p>MAN\u0130SA (\u0130HA) \u2013 Manisa\u2019n\u0131n Selendi il\u00e7esinde \u00e7\u0131kan an\u0131z yang\u0131n\u0131 ormana s\u0131\u00e7ramadan itfaiye ekiplerinin yo\u011fun \u00e7abas\u0131yla s\u00f6nd\u00fcr\u00fcld\u00fc. \u0130l\u00e7eye ba\u011fl\u0131 K\u0131n\u0131k Mahallesi Urfal\u0131lar Sokak mevkiindeki tarlada an\u0131z yak\u0131m\u0131 s\u0131ras\u0131nda yang\u0131n \u00e7\u0131kt\u0131. \u00c7evredeki vatanda\u015flar\u0131n ihbar\u0131 \u00fczerine b\u00f6lgeye Manisa B\u00fcy\u00fck\u015fehir Belediyesi Selendi \u0130tfaiye Amirli\u011fi ekipleri ile Selendi Orman \u0130\u015fletme \u015eefli\u011fi\u2019ne ba\u011fl\u0131 ekipler sevk edildi. Karadan yap\u0131lan h\u0131zl\u0131 m\u00fcdahale sayesinde&#8230;<\/p>\n","protected":false},"author":1,"featured_media":39220,"comment_status":"open","ping_status":"open","sticky":false,"template":"","format":"standard","meta":{"_crdt_document":"","footnotes":""},"categories":[5],"tags":[],"class_list":["post-39219","post","type-post","status-publish","format-standard","has-post-thumbnail","hentry","category-asayis"],"_links":{"self":[{"href":"https:\/\/www.egemtv.com\/index.php?rest_route=\/wp\/v2\/posts\/39219","targetHints":{"allow":["GET"]}}],"collection":[{"href":"https:\/\/www.egemtv.com\/index.php?rest_route=\/wp\/v2\/posts"}],"about":[{"href":"https:\/\/www.egemtv.com\/index.php?rest_route=\/wp\/v2\/types\/post"}],"author":[{"embeddable":true,"href":"https:\/\/www.egemtv.com\/index.php?rest_route=\/wp\/v2\/users\/1"}],"replies":[{"embeddable":true,"href":"https:\/\/www.egemtv.com\/index.php?rest_route=%2Fwp%2Fv2%2Fcomments&post=39219"}],"version-history":[{"count":1,"href":"https:\/\/www.egemtv.com\/index.php?rest_route=\/wp\/v2\/posts\/39219\/revisions"}],"predecessor-version":[{"id":39221,"href":"https:\/\/www.egemtv.com\/index.php?rest_route=\/wp\/v2\/posts\/39219\/revisions\/39221"}],"wp:featuredmedia":[{"embeddable":true,"href":"https:\/\/www.egemtv.com\/index.php?rest_route=\/wp\/v2\/media\/39220"}],"wp:attachment":[{"href":"https:\/\/www.egemtv.com\/index.php?rest_route=%2Fwp%2Fv2%2Fmedia&parent=39219"}],"wp:term":[{"taxonomy":"category","embeddable":true,"href":"https:\/\/www.egemtv.com\/index.php?rest_route=%2Fwp%2Fv2%2Fcategories&post=39219"},{"taxonomy":"post_tag","embeddable":true,"href":"https:\/\/www.egemtv.com\/index.php?rest_route=%2Fwp%2Fv2%2Ftags&post=39219"}],"curies":[{"name":"wp","href":"https:\/\/api.w.org\/{rel}","templated":true}]}}