{"id":39213,"date":"2025-07-01T16:38:26","date_gmt":"2025-07-01T13:38:26","guid":{"rendered":"https:\/\/www.egemtv.com\/?p=39213"},"modified":"2025-07-01T16:38:33","modified_gmt":"2025-07-01T13:38:33","slug":"turgutlu-belediyespor-ikincilik-kupasini-baskan-akinla-paylasti","status":"publish","type":"post","link":"https:\/\/www.egemtv.com\/?p=39213","title":{"rendered":"Turgutlu Belediyespor ikincilik kupas\u0131n\u0131 Ba\u015fkan Ak\u0131n\u2019la payla\u015ft\u0131"},"content":{"rendered":"<p>Turgutlu Belediyesi U11 K\u0131z Basketbol Tak\u0131m\u0131 ikincilik kupas\u0131n\u0131, Turgutlu Belediye Ba\u015fkan\u0131 \u00c7etin Ak\u0131n ile payla\u015ft\u0131. Ba\u015fkan \u00c7etin Ak\u0131n, &#8220;Sporun her bran\u015f\u0131nda var olmaya, spora g\u00f6n\u00fcl veren \u00e7ocuklar\u0131m\u0131z\u0131n ve gen\u00e7lerimizin her zaman yan\u0131nda olmaya devam edece\u011fiz&#8221; dedi.<br \/>\n<br \/>Manisa \u0130l \u015eampiyonlu\u011fu M\u00fcsabakalar\u0131nda yer alan ve final kar\u015f\u0131la\u015fmas\u0131nda rakibi Manisa Mega Spor Kul\u00fcb\u00fc\u2019ne ma\u011flup olarak ikincilik kupas\u0131n\u0131n sahibi olan Turgutlu Belediyesi U11 K\u0131z Basketbol Tak\u0131m\u0131, Ba\u015fkan \u00c7etin Ak\u0131n\u2019\u0131 ziyaret etti. U11 K\u0131z Basketbol Tak\u0131m\u0131 oyuncular\u0131 ve teknik ekibinin ger\u00e7ekle\u015ftirdi\u011fi ziyarette ikincilik kupas\u0131 Turgutlu Belediyesine teslim edildi. Oyuncular ve teknik ekip spora ve sporcuya verdi\u011fi desteklerden dolay\u0131 Ba\u015fkan \u00c7etin Ak\u0131n ve ekibine ayr\u0131ca te\u015fekk\u00fcrlerini iletti.<br \/>\n<br \/>&#8220;Spora g\u00f6n\u00fcl veren \u00e7ocuklar\u0131m\u0131z\u0131n ve gen\u00e7lerimizin yan\u0131nday\u0131z&#8221;<br \/>\n<br \/>U11 K\u0131z Basketbol Tak\u0131m\u0131n\u0131 ba\u015far\u0131lar\u0131ndan dolay\u0131 kutlayan Ba\u015fkan \u00c7etin Ak\u0131n, &#8220;Belediyespor formam\u0131z\u0131 giyen U11 K\u0131z Basketbol Tak\u0131m\u0131 oyuncular\u0131m\u0131z\u0131 ve teknik ekibimizi belediyemizde konuk ettik. Manisa \u0130l \u015eampiyonlu\u011fu M\u00fcsabakalar\u0131nda ba\u015far\u0131l\u0131 bir performans g\u00f6stererek ikinci olan ve kupay\u0131 belediyemize getiren tak\u0131m\u0131m\u0131z\u0131 g\u00f6n\u00fclden kutluyoruz. Sporun her bran\u015f\u0131nda var olmaya, spora g\u00f6n\u00fcl veren \u00e7ocuklar\u0131m\u0131z\u0131n ve gen\u00e7lerimizin her zaman yan\u0131nda olmaya devam edece\u011fiz&#8221; dedi.<br \/>\n<br \/>Turgutlu Belediyespor Ba\u015fkan\u0131 ve Belediye Ba\u015fkan Yard\u0131mc\u0131s\u0131 H\u00fcseyin Maliz, Belediye Ba\u015fkan Yard\u0131mc\u0131s\u0131 Ali R\u0131za K\u0131ran, K\u00fclt\u00fcr ve Sosyal \u0130\u015fler M\u00fcd\u00fcr\u00fc B\u00fclent G\u00f6kmen, Turgutlu Belediyespor Asba\u015fkan\u0131 ve Bas\u0131n Yay\u0131n ve Halkla \u0130li\u015fkiler M\u00fcd\u00fcrl\u00fc\u011f\u00fc Sorumlusu Emrah Kan\u0131k da gen\u00e7 sporcular\u0131 ve teknik ekibi tebrik etti.<br \/><\/p>\n","protected":false},"excerpt":{"rendered":"<p>Turgutlu Belediyesi U11 K\u0131z Basketbol Tak\u0131m\u0131 ikincilik kupas\u0131n\u0131, Turgutlu Belediye Ba\u015fkan\u0131 \u00c7etin Ak\u0131n ile payla\u015ft\u0131. Ba\u015fkan \u00c7etin Ak\u0131n, &#8220;Sporun her bran\u015f\u0131nda var olmaya, spora g\u00f6n\u00fcl veren \u00e7ocuklar\u0131m\u0131z\u0131n ve gen\u00e7lerimizin her zaman yan\u0131nda olmaya devam edece\u011fiz&#8221; dedi. Manisa \u0130l \u015eampiyonlu\u011fu M\u00fcsabakalar\u0131nda yer alan ve final kar\u015f\u0131la\u015fmas\u0131nda rakibi Manisa Mega Spor Kul\u00fcb\u00fc\u2019ne ma\u011flup olarak ikincilik kupas\u0131n\u0131n sahibi&#8230;<\/p>\n","protected":false},"author":1,"featured_media":39214,"comment_status":"open","ping_status":"open","sticky":false,"template":"","format":"standard","meta":{"_crdt_document":"","footnotes":""},"categories":[4],"tags":[],"class_list":["post-39213","post","type-post","status-publish","format-standard","has-post-thumbnail","hentry","category-spor"],"_links":{"self":[{"href":"https:\/\/www.egemtv.com\/index.php?rest_route=\/wp\/v2\/posts\/39213","targetHints":{"allow":["GET"]}}],"collection":[{"href":"https:\/\/www.egemtv.com\/index.php?rest_route=\/wp\/v2\/posts"}],"about":[{"href":"https:\/\/www.egemtv.com\/index.php?rest_route=\/wp\/v2\/types\/post"}],"author":[{"embeddable":true,"href":"https:\/\/www.egemtv.com\/index.php?rest_route=\/wp\/v2\/users\/1"}],"replies":[{"embeddable":true,"href":"https:\/\/www.egemtv.com\/index.php?rest_route=%2Fwp%2Fv2%2Fcomments&post=39213"}],"version-history":[{"count":1,"href":"https:\/\/www.egemtv.com\/index.php?rest_route=\/wp\/v2\/posts\/39213\/revisions"}],"predecessor-version":[{"id":39215,"href":"https:\/\/www.egemtv.com\/index.php?rest_route=\/wp\/v2\/posts\/39213\/revisions\/39215"}],"wp:featuredmedia":[{"embeddable":true,"href":"https:\/\/www.egemtv.com\/index.php?rest_route=\/wp\/v2\/media\/39214"}],"wp:attachment":[{"href":"https:\/\/www.egemtv.com\/index.php?rest_route=%2Fwp%2Fv2%2Fmedia&parent=39213"}],"wp:term":[{"taxonomy":"category","embeddable":true,"href":"https:\/\/www.egemtv.com\/index.php?rest_route=%2Fwp%2Fv2%2Fcategories&post=39213"},{"taxonomy":"post_tag","embeddable":true,"href":"https:\/\/www.egemtv.com\/index.php?rest_route=%2Fwp%2Fv2%2Ftags&post=39213"}],"curies":[{"name":"wp","href":"https:\/\/api.w.org\/{rel}","templated":true}]}}