{"id":39210,"date":"2025-07-01T16:16:50","date_gmt":"2025-07-01T13:16:50","guid":{"rendered":"https:\/\/www.egemtv.com\/?p=39210"},"modified":"2025-07-01T16:16:55","modified_gmt":"2025-07-01T13:16:55","slug":"bodrumda-zabita-ekiplerinden-isgaliye-denetimi","status":"publish","type":"post","link":"https:\/\/www.egemtv.com\/?p=39210","title":{"rendered":"Bodrum\u2019da zab\u0131ta ekiplerinden i\u015fgaliye denetimi"},"content":{"rendered":"<p>Bodrum Belediyesi Zab\u0131ta M\u00fcd\u00fcrl\u00fc\u011f\u00fc ekipleri, vatanda\u015flar ile kenti ziyaret eden misafirlerin en \u00e7ok \u015fik\u00e2yet etti\u011fi konular\u0131n ba\u015f\u0131nda gelen i\u015fgaliyeye y\u00f6nelik denetim ve uygulamalar\u0131na devam ediyor. G\u00fcmbet Mahallesi\u2019nde yap\u0131lan \u00e7al\u0131\u015fmalarda 70\u2019in \u00fczerinde i\u015fletme denetlenirken 11 i\u015fletmeye cezai i\u015flem uyguland\u0131.<\/p>\n<p>Bodrum Belediye Ba\u015fkan\u0131 Tamer Mandalinci, G\u00fcmbet Mahallesi\u2019ne ger\u00e7ekle\u015ftirdi\u011fi saha ziyaretinde \u00f6zellikle i\u015fgaliye konusunda taviz verilmeyece\u011fini vurgulayarak esnaflara gerekli d\u00fczenlemeleri yapmalar\u0131 konusunda uyar\u0131larda bulunmu\u015ftu. Belediye ekipleri taraf\u0131ndan da yap\u0131lan uyar\u0131lara ra\u011fmen baz\u0131 i\u015fletmelerin i\u015fgaliyeye devam etmesi \u00fczerine Zab\u0131ta M\u00fcd\u00fcrl\u00fc\u011f\u00fc ekipleri, ilgili b\u00f6lgede denetimler ger\u00e7ekle\u015ftirdi.<\/p>\n<p>27 Haziran Cuma g\u00fcn\u00fc, Zengin H\u00fcseyin Sokak ve Ayaz Caddesi\u2019nde yap\u0131lan uygulamalarda, 70\u2019in \u00fczerinde i\u015fletme denetlendi. \u0130\u015fletmelerin kald\u0131r\u0131m ve yol i\u015fgalleri kald\u0131rt\u0131l\u0131rken 11 i\u015fletmeye Kabahatler Kanunu kapsam\u0131nda cezai i\u015flem uyguland\u0131. Trafik zab\u0131ta ekiplerinin de destek verdi\u011fi denetimlerde, kald\u0131r\u0131m \u00fczerine park edilmi\u015f motosikletler sahipleri taraf\u0131ndan kald\u0131r\u0131ld\u0131. Sahiplerine ula\u015f\u0131lamayan bir motosiklete ise cezai i\u015flem uyguland\u0131.<\/p>\n<p>Zab\u0131ta ekipleri, i\u015fgaliye denetimlerinin d\u00fczenli olarak s\u00fcrd\u00fcr\u00fclece\u011fini belirterek cezai i\u015flemlerin son \u00e7are oldu\u011funu; ancak uyar\u0131 s\u00fcrecinin sona erdi\u011fini ve kurallara uymayanlara gerekli yapt\u0131r\u0131mlar\u0131n kararl\u0131l\u0131kla uygulanaca\u011f\u0131n\u0131 ifade etti.<br \/><\/p>\n","protected":false},"excerpt":{"rendered":"<p>Bodrum Belediyesi Zab\u0131ta M\u00fcd\u00fcrl\u00fc\u011f\u00fc ekipleri, vatanda\u015flar ile kenti ziyaret eden misafirlerin en \u00e7ok \u015fik\u00e2yet etti\u011fi konular\u0131n ba\u015f\u0131nda gelen i\u015fgaliyeye y\u00f6nelik denetim ve uygulamalar\u0131na devam ediyor. G\u00fcmbet Mahallesi\u2019nde yap\u0131lan \u00e7al\u0131\u015fmalarda 70\u2019in \u00fczerinde i\u015fletme denetlenirken 11 i\u015fletmeye cezai i\u015flem uyguland\u0131. Bodrum Belediye Ba\u015fkan\u0131 Tamer Mandalinci, G\u00fcmbet Mahallesi\u2019ne ger\u00e7ekle\u015ftirdi\u011fi saha ziyaretinde \u00f6zellikle i\u015fgaliye konusunda taviz verilmeyece\u011fini vurgulayarak esnaflara&#8230;<\/p>\n","protected":false},"author":1,"featured_media":39211,"comment_status":"open","ping_status":"open","sticky":false,"template":"","format":"standard","meta":{"_crdt_document":"","footnotes":""},"categories":[1],"tags":[],"class_list":["post-39210","post","type-post","status-publish","format-standard","has-post-thumbnail","hentry","category-guncel"],"_links":{"self":[{"href":"https:\/\/www.egemtv.com\/index.php?rest_route=\/wp\/v2\/posts\/39210","targetHints":{"allow":["GET"]}}],"collection":[{"href":"https:\/\/www.egemtv.com\/index.php?rest_route=\/wp\/v2\/posts"}],"about":[{"href":"https:\/\/www.egemtv.com\/index.php?rest_route=\/wp\/v2\/types\/post"}],"author":[{"embeddable":true,"href":"https:\/\/www.egemtv.com\/index.php?rest_route=\/wp\/v2\/users\/1"}],"replies":[{"embeddable":true,"href":"https:\/\/www.egemtv.com\/index.php?rest_route=%2Fwp%2Fv2%2Fcomments&post=39210"}],"version-history":[{"count":1,"href":"https:\/\/www.egemtv.com\/index.php?rest_route=\/wp\/v2\/posts\/39210\/revisions"}],"predecessor-version":[{"id":39212,"href":"https:\/\/www.egemtv.com\/index.php?rest_route=\/wp\/v2\/posts\/39210\/revisions\/39212"}],"wp:featuredmedia":[{"embeddable":true,"href":"https:\/\/www.egemtv.com\/index.php?rest_route=\/wp\/v2\/media\/39211"}],"wp:attachment":[{"href":"https:\/\/www.egemtv.com\/index.php?rest_route=%2Fwp%2Fv2%2Fmedia&parent=39210"}],"wp:term":[{"taxonomy":"category","embeddable":true,"href":"https:\/\/www.egemtv.com\/index.php?rest_route=%2Fwp%2Fv2%2Fcategories&post=39210"},{"taxonomy":"post_tag","embeddable":true,"href":"https:\/\/www.egemtv.com\/index.php?rest_route=%2Fwp%2Fv2%2Ftags&post=39210"}],"curies":[{"name":"wp","href":"https:\/\/api.w.org\/{rel}","templated":true}]}}