{"id":39207,"date":"2025-07-01T16:16:46","date_gmt":"2025-07-01T13:16:46","guid":{"rendered":"https:\/\/www.egemtv.com\/?p=39207"},"modified":"2025-07-01T16:16:50","modified_gmt":"2025-07-01T13:16:50","slug":"alasehirde-uyusturucu-tacirlerine-gecit-yok","status":"publish","type":"post","link":"https:\/\/www.egemtv.com\/?p=39207","title":{"rendered":"Ala\u015fehir\u2019de uyu\u015fturucu tacirlerine ge\u00e7it yok"},"content":{"rendered":"<p>Manisa\u2019n\u0131n Ala\u015fehir il\u00e7esinde uyu\u015fturucu madde ticareti yapt\u0131klar\u0131 belirlenen iki ki\u015fi, polis ekiplerinin d\u00fczenledi\u011fi operasyonla yakalanarak tutukland\u0131.<br \/>\n<br \/>Manisa \u0130l Emniyet M\u00fcd\u00fcrl\u00fc\u011f\u00fc Narkotik Su\u00e7larla M\u00fccadele \u015eube M\u00fcd\u00fcrl\u00fc\u011f\u00fc Ala\u015fehir B\u00fcro Amirli\u011fi ekipleri, Bar\u0131\u015f Mahallesi\u2019nde Sokak Sat\u0131c\u0131s\u0131 (Torbac\u0131) olarak bilinen \u015fah\u0131slara y\u00f6nelik bir operasyon d\u00fczenledi. Elde edilen istihbarat do\u011frultusunda hedef \u015fah\u0131slara ait 3 adreste e\u015f zamanl\u0131 arama yap\u0131ld\u0131.<br \/>\n<br \/>Yap\u0131lan aramalarda, 18 par\u00e7a halinde sat\u0131\u015fa haz\u0131r vaziyette A4\/Pe\u00e7ete olarak bilinen sentetik kannabinoid maddesi ele ge\u00e7irildi. Operasyon kapsam\u0131nda M.\u00d6. (39) ve S.S. (17) isimli \u015fah\u0131slar g\u00f6zalt\u0131na al\u0131nd\u0131. \u015e\u00fcpheliler, polis merkezindeki i\u015flemlerinin ard\u0131ndan \u00e7\u0131kar\u0131ld\u0131klar\u0131 mahkeme taraf\u0131ndan tutuklanarak cezaevine g\u00f6nderildi.<br \/><\/p>\n","protected":false},"excerpt":{"rendered":"<p>Manisa\u2019n\u0131n Ala\u015fehir il\u00e7esinde uyu\u015fturucu madde ticareti yapt\u0131klar\u0131 belirlenen iki ki\u015fi, polis ekiplerinin d\u00fczenledi\u011fi operasyonla yakalanarak tutukland\u0131. Manisa \u0130l Emniyet M\u00fcd\u00fcrl\u00fc\u011f\u00fc Narkotik Su\u00e7larla M\u00fccadele \u015eube M\u00fcd\u00fcrl\u00fc\u011f\u00fc Ala\u015fehir B\u00fcro Amirli\u011fi ekipleri, Bar\u0131\u015f Mahallesi\u2019nde Sokak Sat\u0131c\u0131s\u0131 (Torbac\u0131) olarak bilinen \u015fah\u0131slara y\u00f6nelik bir operasyon d\u00fczenledi. Elde edilen istihbarat do\u011frultusunda hedef \u015fah\u0131slara ait 3 adreste e\u015f zamanl\u0131 arama yap\u0131ld\u0131. Yap\u0131lan&#8230;<\/p>\n","protected":false},"author":1,"featured_media":39208,"comment_status":"open","ping_status":"open","sticky":false,"template":"","format":"standard","meta":{"_crdt_document":"","footnotes":""},"categories":[5],"tags":[],"class_list":["post-39207","post","type-post","status-publish","format-standard","has-post-thumbnail","hentry","category-asayis"],"_links":{"self":[{"href":"https:\/\/www.egemtv.com\/index.php?rest_route=\/wp\/v2\/posts\/39207","targetHints":{"allow":["GET"]}}],"collection":[{"href":"https:\/\/www.egemtv.com\/index.php?rest_route=\/wp\/v2\/posts"}],"about":[{"href":"https:\/\/www.egemtv.com\/index.php?rest_route=\/wp\/v2\/types\/post"}],"author":[{"embeddable":true,"href":"https:\/\/www.egemtv.com\/index.php?rest_route=\/wp\/v2\/users\/1"}],"replies":[{"embeddable":true,"href":"https:\/\/www.egemtv.com\/index.php?rest_route=%2Fwp%2Fv2%2Fcomments&post=39207"}],"version-history":[{"count":1,"href":"https:\/\/www.egemtv.com\/index.php?rest_route=\/wp\/v2\/posts\/39207\/revisions"}],"predecessor-version":[{"id":39209,"href":"https:\/\/www.egemtv.com\/index.php?rest_route=\/wp\/v2\/posts\/39207\/revisions\/39209"}],"wp:featuredmedia":[{"embeddable":true,"href":"https:\/\/www.egemtv.com\/index.php?rest_route=\/wp\/v2\/media\/39208"}],"wp:attachment":[{"href":"https:\/\/www.egemtv.com\/index.php?rest_route=%2Fwp%2Fv2%2Fmedia&parent=39207"}],"wp:term":[{"taxonomy":"category","embeddable":true,"href":"https:\/\/www.egemtv.com\/index.php?rest_route=%2Fwp%2Fv2%2Fcategories&post=39207"},{"taxonomy":"post_tag","embeddable":true,"href":"https:\/\/www.egemtv.com\/index.php?rest_route=%2Fwp%2Fv2%2Ftags&post=39207"}],"curies":[{"name":"wp","href":"https:\/\/api.w.org\/{rel}","templated":true}]}}