{"id":39204,"date":"2025-07-01T15:36:09","date_gmt":"2025-07-01T12:36:09","guid":{"rendered":"https:\/\/www.egemtv.com\/?p=39204"},"modified":"2025-07-01T15:36:13","modified_gmt":"2025-07-01T12:36:13","slug":"sarigolde-kuran-kursunda-15-yillik-gelenek-suruyor","status":"publish","type":"post","link":"https:\/\/www.egemtv.com\/?p=39204","title":{"rendered":"Sar\u0131g\u00f6l\u2019de Kur\u2019an Kursunda 15 y\u0131ll\u0131k gelenek s\u00fcr\u00fcyor"},"content":{"rendered":"<p>Manisa\u2019n\u0131n Sar\u0131g\u00f6l il\u00e7esi Bereketli Mahallesi\u2019nde 15 y\u0131ld\u0131r devam eden gelenek bu y\u0131l da bozulmad\u0131. Yaz d\u00f6neminde a\u00e7\u0131lan Kur\u2019an-\u0131 Kerim kurslar\u0131nda, \u00f6\u011frencilere hay\u0131rseverler taraf\u0131ndan her sabah kahvalt\u0131 ikram ediliyor.<br \/>\n<br \/>Bereketli Mahallesi Camii\u2019nde bu y\u0131l 35 \u00f6\u011frenciyle ba\u015flayan Kur\u2019an kursunda, kursun sonuna kadar her sabah saat 11.00\u2019de hay\u0131rseverler ve kursiyerlerin aileleri taraf\u0131ndan kahvalt\u0131 ikram\u0131 ger\u00e7ekle\u015ftiriliyor.<br \/>\n<br \/>Bereketli Camii \u0130mam Hatibi Ali Arslan, gelenek haline gelen bu destekle ilgili olarak, &#8220;Camimizde a\u00e7t\u0131\u011f\u0131m\u0131z Kur\u2019an-\u0131 Kerim kurslar\u0131m\u0131zda 15 y\u0131ld\u0131r hay\u0131rseverlerimizin ve \u00f6\u011frencilerimizin ailelerinin katk\u0131lar\u0131yla her g\u00fcn kahvalt\u0131 ikram\u0131 yap\u0131l\u0131yor. Allah, yap\u0131lan bu hay\u0131rlar\u0131 kabul eylesin. Bu hayra Ayd\u0131n ilinin il\u00e7elerinden ve Sar\u0131g\u00f6l\u2019den bile destek olan hay\u0131rseverlerimiz var. Hepsinden Allah raz\u0131 olsun.&#8221; ifadelerini kulland\u0131.<br \/>\n<br \/>\u0130mam Arslan ayr\u0131ca, hay\u0131rseverlerin \u00f6\u011frenci say\u0131s\u0131na g\u00f6re pide-ayran, lahmacun-ayran, simit-ayran-peynir, sa\u00e7 pidesi, tost-ayran veya me\u015frubat, yaprak sarma-yo\u011furt gibi \u00e7e\u015fitli kahvalt\u0131 t\u00fcrleri haz\u0131rlayarak \u00f6\u011frencilerle bulu\u015fturdu\u011funu belirtti.<br \/>\n<br \/>Kur\u2019an kursuna kat\u0131lan \u00f6\u011frenciler ve aileleri, bu anlaml\u0131 gelene\u011fin s\u00fcrd\u00fcr\u00fclmesinden memnuniyet duyarken, hay\u0131rseverlerin deste\u011fi sayesinde kurs boyunca hem manevi hem de sosyal anlamda g\u00fczel bir atmosfer olu\u015fmas\u0131n\u0131n mutlulu\u011funu ya\u015fad\u0131klar\u0131n\u0131 anlatt\u0131.<br \/><\/p>\n","protected":false},"excerpt":{"rendered":"<p>Manisa\u2019n\u0131n Sar\u0131g\u00f6l il\u00e7esi Bereketli Mahallesi\u2019nde 15 y\u0131ld\u0131r devam eden gelenek bu y\u0131l da bozulmad\u0131. Yaz d\u00f6neminde a\u00e7\u0131lan Kur\u2019an-\u0131 Kerim kurslar\u0131nda, \u00f6\u011frencilere hay\u0131rseverler taraf\u0131ndan her sabah kahvalt\u0131 ikram ediliyor. Bereketli Mahallesi Camii\u2019nde bu y\u0131l 35 \u00f6\u011frenciyle ba\u015flayan Kur\u2019an kursunda, kursun sonuna kadar her sabah saat 11.00\u2019de hay\u0131rseverler ve kursiyerlerin aileleri taraf\u0131ndan kahvalt\u0131 ikram\u0131 ger\u00e7ekle\u015ftiriliyor. Bereketli Camii&#8230;<\/p>\n","protected":false},"author":1,"featured_media":39205,"comment_status":"open","ping_status":"open","sticky":false,"template":"","format":"standard","meta":{"_crdt_document":"","footnotes":""},"categories":[1],"tags":[],"class_list":["post-39204","post","type-post","status-publish","format-standard","has-post-thumbnail","hentry","category-guncel"],"_links":{"self":[{"href":"https:\/\/www.egemtv.com\/index.php?rest_route=\/wp\/v2\/posts\/39204","targetHints":{"allow":["GET"]}}],"collection":[{"href":"https:\/\/www.egemtv.com\/index.php?rest_route=\/wp\/v2\/posts"}],"about":[{"href":"https:\/\/www.egemtv.com\/index.php?rest_route=\/wp\/v2\/types\/post"}],"author":[{"embeddable":true,"href":"https:\/\/www.egemtv.com\/index.php?rest_route=\/wp\/v2\/users\/1"}],"replies":[{"embeddable":true,"href":"https:\/\/www.egemtv.com\/index.php?rest_route=%2Fwp%2Fv2%2Fcomments&post=39204"}],"version-history":[{"count":1,"href":"https:\/\/www.egemtv.com\/index.php?rest_route=\/wp\/v2\/posts\/39204\/revisions"}],"predecessor-version":[{"id":39206,"href":"https:\/\/www.egemtv.com\/index.php?rest_route=\/wp\/v2\/posts\/39204\/revisions\/39206"}],"wp:featuredmedia":[{"embeddable":true,"href":"https:\/\/www.egemtv.com\/index.php?rest_route=\/wp\/v2\/media\/39205"}],"wp:attachment":[{"href":"https:\/\/www.egemtv.com\/index.php?rest_route=%2Fwp%2Fv2%2Fmedia&parent=39204"}],"wp:term":[{"taxonomy":"category","embeddable":true,"href":"https:\/\/www.egemtv.com\/index.php?rest_route=%2Fwp%2Fv2%2Fcategories&post=39204"},{"taxonomy":"post_tag","embeddable":true,"href":"https:\/\/www.egemtv.com\/index.php?rest_route=%2Fwp%2Fv2%2Ftags&post=39204"}],"curies":[{"name":"wp","href":"https:\/\/api.w.org\/{rel}","templated":true}]}}