{"id":39201,"date":"2025-07-01T15:36:04","date_gmt":"2025-07-01T12:36:04","guid":{"rendered":"https:\/\/www.egemtv.com\/?p=39201"},"modified":"2025-07-01T15:36:08","modified_gmt":"2025-07-01T12:36:08","slug":"manisada-bir-orman-yangini-daha-basladi","status":"publish","type":"post","link":"https:\/\/www.egemtv.com\/?p=39201","title":{"rendered":"Manisa\u2019da bir orman yang\u0131n\u0131 daha ba\u015flad\u0131"},"content":{"rendered":"<p>Manisa\u2019n\u0131n Akhisar, Kula ve Ahmetli il\u00e7esinde devam eden orman yang\u0131nlar\u0131na Saruhanl\u0131 il\u00e7esi de eklendi. 13.20\u2019de ba\u015flayan yang\u0131na ekiplerin m\u00fcdahalesi devam ediyor.<br \/>\n<br \/>Manisa\u2019n\u0131n Saruhanl\u0131 il\u00e7esine ba\u011fl\u0131 Koldere Mahallesi\u2019nde bug\u00fcn saat 13.20\u2019de \u00e7\u0131kan orman yang\u0131n\u0131na ilk m\u00fcdahale 13.31\u2019de yap\u0131lmaya ba\u015fland\u0131. B\u00f6lgeye \u0130zmir Orman B\u00f6lge M\u00fcd\u00fcrl\u00fc\u011f\u00fc\u2019ne ait 3 helikopter, 17 araz\u00f6z, 3 su ikmal, 1 dozer sevk edilerek yang\u0131n\u0131 en k\u0131sa s\u00fcrede kontrol alt\u0131na almak i\u00e7in \u00e7al\u0131\u015fmalar\u0131n devam etti\u011fi \u00f6\u011frenildi.<br \/><\/p>\n","protected":false},"excerpt":{"rendered":"<p>Manisa\u2019n\u0131n Akhisar, Kula ve Ahmetli il\u00e7esinde devam eden orman yang\u0131nlar\u0131na Saruhanl\u0131 il\u00e7esi de eklendi. 13.20\u2019de ba\u015flayan yang\u0131na ekiplerin m\u00fcdahalesi devam ediyor. Manisa\u2019n\u0131n Saruhanl\u0131 il\u00e7esine ba\u011fl\u0131 Koldere Mahallesi\u2019nde bug\u00fcn saat 13.20\u2019de \u00e7\u0131kan orman yang\u0131n\u0131na ilk m\u00fcdahale 13.31\u2019de yap\u0131lmaya ba\u015fland\u0131. B\u00f6lgeye \u0130zmir Orman B\u00f6lge M\u00fcd\u00fcrl\u00fc\u011f\u00fc\u2019ne ait 3 helikopter, 17 araz\u00f6z, 3 su ikmal, 1 dozer sevk edilerek&#8230;<\/p>\n","protected":false},"author":1,"featured_media":39202,"comment_status":"open","ping_status":"open","sticky":false,"template":"","format":"standard","meta":{"_crdt_document":"","footnotes":""},"categories":[5],"tags":[],"class_list":["post-39201","post","type-post","status-publish","format-standard","has-post-thumbnail","hentry","category-asayis"],"_links":{"self":[{"href":"https:\/\/www.egemtv.com\/index.php?rest_route=\/wp\/v2\/posts\/39201","targetHints":{"allow":["GET"]}}],"collection":[{"href":"https:\/\/www.egemtv.com\/index.php?rest_route=\/wp\/v2\/posts"}],"about":[{"href":"https:\/\/www.egemtv.com\/index.php?rest_route=\/wp\/v2\/types\/post"}],"author":[{"embeddable":true,"href":"https:\/\/www.egemtv.com\/index.php?rest_route=\/wp\/v2\/users\/1"}],"replies":[{"embeddable":true,"href":"https:\/\/www.egemtv.com\/index.php?rest_route=%2Fwp%2Fv2%2Fcomments&post=39201"}],"version-history":[{"count":1,"href":"https:\/\/www.egemtv.com\/index.php?rest_route=\/wp\/v2\/posts\/39201\/revisions"}],"predecessor-version":[{"id":39203,"href":"https:\/\/www.egemtv.com\/index.php?rest_route=\/wp\/v2\/posts\/39201\/revisions\/39203"}],"wp:featuredmedia":[{"embeddable":true,"href":"https:\/\/www.egemtv.com\/index.php?rest_route=\/wp\/v2\/media\/39202"}],"wp:attachment":[{"href":"https:\/\/www.egemtv.com\/index.php?rest_route=%2Fwp%2Fv2%2Fmedia&parent=39201"}],"wp:term":[{"taxonomy":"category","embeddable":true,"href":"https:\/\/www.egemtv.com\/index.php?rest_route=%2Fwp%2Fv2%2Fcategories&post=39201"},{"taxonomy":"post_tag","embeddable":true,"href":"https:\/\/www.egemtv.com\/index.php?rest_route=%2Fwp%2Fv2%2Ftags&post=39201"}],"curies":[{"name":"wp","href":"https:\/\/api.w.org\/{rel}","templated":true}]}}