{"id":39198,"date":"2025-07-01T15:16:13","date_gmt":"2025-07-01T12:16:13","guid":{"rendered":"https:\/\/www.egemtv.com\/?p=39198"},"modified":"2025-07-01T15:16:18","modified_gmt":"2025-07-01T12:16:18","slug":"baskan-cercioglundan-nazilliye-16-milyon-degerinde-yeni-yatirim","status":"publish","type":"post","link":"https:\/\/www.egemtv.com\/?p=39198","title":{"rendered":"Ba\u015fkan \u00c7er\u00e7io\u011flu\u2019ndan Nazilli\u2019ye 16 milyon de\u011ferinde yeni yat\u0131r\u0131m"},"content":{"rendered":"<p>Ayd\u0131n B\u00fcy\u00fck\u015fehir Belediyesi Su ve Kanalizasyon \u0130daresi Genel M\u00fcd\u00fcrl\u00fc\u011f\u00fc taraf\u0131ndan Ayd\u0131n B\u00fcy\u00fck\u015fehir Belediye Ba\u015fkan\u0131 \u00d6zlem \u00c7er\u00e7io\u011flu\u2019nun \u00f6nc\u00fcl\u00fc\u011f\u00fcnde kentin d\u00f6rt bir yan\u0131nda hayata ge\u00e7irilen \u00e7al\u0131\u015fmalar devam ediyor.<br \/>\n<br \/>ASK\u0130 taraf\u0131ndan Nazilli il\u00e7esi Ye\u015fil Mahalle\u2019de ba\u015flat\u0131lan \u00e7al\u0131\u015fmalar s\u00fcr\u00fcyor. 1957 metre uzunlu\u011funda ya\u011fmur suyu hatt\u0131 ile 38 adet baca eleman\u0131n\u0131n yap\u0131m\u0131n\u0131 kapsayan, 16 milyon 929 bin TL maliyetli \u00e7al\u0131\u015fma k\u0131sa s\u00fcre i\u00e7erisinde tamamlanarak Nazilli\u2019ye kazand\u0131r\u0131lacak. \u00c7al\u0131\u015fmalar\u0131n tamamlanmas\u0131 ile birlikte Ye\u015fil Mahalle\u2019de ve kentin ana arterlerinden olan Atat\u00fcrk Bulvar\u0131\u2019nda ya\u011fmur suyu birikimi ya\u015fanmayacak, kazanan Nazillililer olacak.<br \/>\n<br \/>Ba\u015fkan \u00c7er\u00e7io\u011flu: T\u00fcm il\u00e7elerimizde \u00e7al\u0131\u015fmalar\u0131m\u0131z devam edecek<br \/>\n<br \/>Ayd\u0131n\u2019\u0131n t\u00fcm il\u00e7elerinde \u00e7al\u0131\u015fmalar\u0131n devam edece\u011fini belirten Ayd\u0131n B\u00fcy\u00fck\u015fehir Belediye Ba\u015fkan\u0131 \u00d6zlem \u00c7er\u00e7io\u011flu, &#8220;Ayd\u0131n genelinde altyap\u0131 yat\u0131r\u0131mlar\u0131m\u0131za aral\u0131ks\u0131z devam ediyoruz. Nazilli Ye\u015fil Mahalle\u2019de y\u00fcr\u00fct\u00fclen bu \u00e7al\u0131\u015fmayla hem b\u00f6lgenin altyap\u0131 kapasitesini art\u0131r\u0131yor hem de ya\u011f\u0131\u015fl\u0131 havalarda ya\u015fanan olumsuzluklar\u0131n \u00f6n\u00fcne ge\u00e7iyoruz. T\u00fcm il\u00e7elerimizde \u00e7al\u0131\u015fmalar\u0131m\u0131z devam edecek&#8221; ifadelerini kulland\u0131.<br \/><\/p>\n","protected":false},"excerpt":{"rendered":"<p>Ayd\u0131n B\u00fcy\u00fck\u015fehir Belediyesi Su ve Kanalizasyon \u0130daresi Genel M\u00fcd\u00fcrl\u00fc\u011f\u00fc taraf\u0131ndan Ayd\u0131n B\u00fcy\u00fck\u015fehir Belediye Ba\u015fkan\u0131 \u00d6zlem \u00c7er\u00e7io\u011flu\u2019nun \u00f6nc\u00fcl\u00fc\u011f\u00fcnde kentin d\u00f6rt bir yan\u0131nda hayata ge\u00e7irilen \u00e7al\u0131\u015fmalar devam ediyor. ASK\u0130 taraf\u0131ndan Nazilli il\u00e7esi Ye\u015fil Mahalle\u2019de ba\u015flat\u0131lan \u00e7al\u0131\u015fmalar s\u00fcr\u00fcyor. 1957 metre uzunlu\u011funda ya\u011fmur suyu hatt\u0131 ile 38 adet baca eleman\u0131n\u0131n yap\u0131m\u0131n\u0131 kapsayan, 16 milyon 929 bin TL maliyetli \u00e7al\u0131\u015fma&#8230;<\/p>\n","protected":false},"author":1,"featured_media":39199,"comment_status":"open","ping_status":"open","sticky":false,"template":"","format":"standard","meta":{"_crdt_document":"","footnotes":""},"categories":[1],"tags":[],"class_list":["post-39198","post","type-post","status-publish","format-standard","has-post-thumbnail","hentry","category-guncel"],"_links":{"self":[{"href":"https:\/\/www.egemtv.com\/index.php?rest_route=\/wp\/v2\/posts\/39198","targetHints":{"allow":["GET"]}}],"collection":[{"href":"https:\/\/www.egemtv.com\/index.php?rest_route=\/wp\/v2\/posts"}],"about":[{"href":"https:\/\/www.egemtv.com\/index.php?rest_route=\/wp\/v2\/types\/post"}],"author":[{"embeddable":true,"href":"https:\/\/www.egemtv.com\/index.php?rest_route=\/wp\/v2\/users\/1"}],"replies":[{"embeddable":true,"href":"https:\/\/www.egemtv.com\/index.php?rest_route=%2Fwp%2Fv2%2Fcomments&post=39198"}],"version-history":[{"count":1,"href":"https:\/\/www.egemtv.com\/index.php?rest_route=\/wp\/v2\/posts\/39198\/revisions"}],"predecessor-version":[{"id":39200,"href":"https:\/\/www.egemtv.com\/index.php?rest_route=\/wp\/v2\/posts\/39198\/revisions\/39200"}],"wp:featuredmedia":[{"embeddable":true,"href":"https:\/\/www.egemtv.com\/index.php?rest_route=\/wp\/v2\/media\/39199"}],"wp:attachment":[{"href":"https:\/\/www.egemtv.com\/index.php?rest_route=%2Fwp%2Fv2%2Fmedia&parent=39198"}],"wp:term":[{"taxonomy":"category","embeddable":true,"href":"https:\/\/www.egemtv.com\/index.php?rest_route=%2Fwp%2Fv2%2Fcategories&post=39198"},{"taxonomy":"post_tag","embeddable":true,"href":"https:\/\/www.egemtv.com\/index.php?rest_route=%2Fwp%2Fv2%2Ftags&post=39198"}],"curies":[{"name":"wp","href":"https:\/\/api.w.org\/{rel}","templated":true}]}}