{"id":39195,"date":"2025-07-01T15:16:08","date_gmt":"2025-07-01T12:16:08","guid":{"rendered":"https:\/\/www.egemtv.com\/?p=39195"},"modified":"2025-07-01T15:16:13","modified_gmt":"2025-07-01T12:16:13","slug":"mentesede-bugday-hasadinda-sona-yaklasildi-7-bin-ton-rekolte-bekleniyor","status":"publish","type":"post","link":"https:\/\/www.egemtv.com\/?p=39195","title":{"rendered":"Mente\u015fe\u2019de bu\u011fday hasad\u0131nda sona yakla\u015f\u0131ld\u0131: 7 bin ton rekolte bekleniyor"},"content":{"rendered":"<p>Mu\u011fla\u2019n\u0131n Mente\u015fe il\u00e7esinde \u0130l\u00e7e Tar\u0131m ve Orman M\u00fcd\u00fcrl\u00fc\u011f\u00fc ekipleri taraf\u0131ndan y\u00fcr\u00fct\u00fclen denetimlerde bu\u011fday hasad\u0131na ili\u015fkin \u00f6nemli veriler payla\u015f\u0131ld\u0131. Yakla\u015f\u0131k 20 bin dekar alanda ger\u00e7ekle\u015ftirilen bu\u011fday \u00fcretiminde ortalama 350 kilogram verim beklenirken, toplamda 7 bin ton rekolte \u00f6ng\u00f6r\u00fcl\u00fcyor.<\/p>\n<p>Mente\u015fe \u0130l\u00e7e Tar\u0131m ve Orman M\u00fcd\u00fcrl\u00fc\u011f\u00fc ekipleri, Emirbeyaz\u0131t Mahallesi ba\u015fta olmak \u00fczere il\u00e7e genelinde hububat \u00fcretiminin ekiminden hasad\u0131na kadar t\u00fcm a\u015famalar\u0131nda \u00e7ift\u00e7ilerin yan\u0131nda yer ald\u0131. 2025 y\u0131l\u0131 \u00fcretim sezonunda arpa, yulaf ve tritikale hasatlar\u0131 tamamlan\u0131rken, bu\u011fday hasad\u0131nda da sona gelindi.<\/p>\n<p>Hasat s\u00fcrecinde \u00fcreticilerin al\u0131n terinin ziyan olmamas\u0131 amac\u0131yla denetimlerine h\u0131z kesmeden devam eden \u0130l\u00e7e Tar\u0131m ve Orman M\u00fcd\u00fcrl\u00fc\u011f\u00fc ekipleri, bi\u00e7erd\u00f6ver kontrollerini hafta sonu dahil aral\u0131ks\u0131z s\u00fcrd\u00fcr\u00fcyor. Hububat hasad\u0131 boyunca dane kayb\u0131n\u0131 \u00f6nlemek ad\u0131na her t\u00fcrl\u00fc \u00f6nlem al\u0131n\u0131rken, \u00fcreticilere teknik destek sa\u011flan\u0131yor.<\/p>\n<p>Mente\u015fe \u0130l\u00e7e Tar\u0131m ve Orman M\u00fcd\u00fcrl\u00fc\u011f\u00fc yetkilileri, hasat s\u00fcrecinde bi\u00e7erd\u00f6ver ayarlar\u0131n\u0131n do\u011fru yap\u0131lmas\u0131, uygun hasat saatlerinin se\u00e7ilmesi ve dane kayb\u0131n\u0131 en aza indirecek y\u00f6ntemlerin uygulanmas\u0131n\u0131n b\u00fcy\u00fck \u00f6nem ta\u015f\u0131d\u0131\u011f\u0131na dikkat \u00e7ekerek, tar\u0131msal \u00fcretimde kalite ve verimlili\u011fin korunmas\u0131 i\u00e7in denetimlerin devam edece\u011fini belirtti.<br \/><\/p>\n","protected":false},"excerpt":{"rendered":"<p>Mu\u011fla\u2019n\u0131n Mente\u015fe il\u00e7esinde \u0130l\u00e7e Tar\u0131m ve Orman M\u00fcd\u00fcrl\u00fc\u011f\u00fc ekipleri taraf\u0131ndan y\u00fcr\u00fct\u00fclen denetimlerde bu\u011fday hasad\u0131na ili\u015fkin \u00f6nemli veriler payla\u015f\u0131ld\u0131. Yakla\u015f\u0131k 20 bin dekar alanda ger\u00e7ekle\u015ftirilen bu\u011fday \u00fcretiminde ortalama 350 kilogram verim beklenirken, toplamda 7 bin ton rekolte \u00f6ng\u00f6r\u00fcl\u00fcyor. Mente\u015fe \u0130l\u00e7e Tar\u0131m ve Orman M\u00fcd\u00fcrl\u00fc\u011f\u00fc ekipleri, Emirbeyaz\u0131t Mahallesi ba\u015fta olmak \u00fczere il\u00e7e genelinde hububat \u00fcretiminin ekiminden hasad\u0131na&#8230;<\/p>\n","protected":false},"author":1,"featured_media":39196,"comment_status":"open","ping_status":"open","sticky":false,"template":"","format":"standard","meta":{"_crdt_document":"","footnotes":""},"categories":[1],"tags":[],"class_list":["post-39195","post","type-post","status-publish","format-standard","has-post-thumbnail","hentry","category-guncel"],"_links":{"self":[{"href":"https:\/\/www.egemtv.com\/index.php?rest_route=\/wp\/v2\/posts\/39195","targetHints":{"allow":["GET"]}}],"collection":[{"href":"https:\/\/www.egemtv.com\/index.php?rest_route=\/wp\/v2\/posts"}],"about":[{"href":"https:\/\/www.egemtv.com\/index.php?rest_route=\/wp\/v2\/types\/post"}],"author":[{"embeddable":true,"href":"https:\/\/www.egemtv.com\/index.php?rest_route=\/wp\/v2\/users\/1"}],"replies":[{"embeddable":true,"href":"https:\/\/www.egemtv.com\/index.php?rest_route=%2Fwp%2Fv2%2Fcomments&post=39195"}],"version-history":[{"count":1,"href":"https:\/\/www.egemtv.com\/index.php?rest_route=\/wp\/v2\/posts\/39195\/revisions"}],"predecessor-version":[{"id":39197,"href":"https:\/\/www.egemtv.com\/index.php?rest_route=\/wp\/v2\/posts\/39195\/revisions\/39197"}],"wp:featuredmedia":[{"embeddable":true,"href":"https:\/\/www.egemtv.com\/index.php?rest_route=\/wp\/v2\/media\/39196"}],"wp:attachment":[{"href":"https:\/\/www.egemtv.com\/index.php?rest_route=%2Fwp%2Fv2%2Fmedia&parent=39195"}],"wp:term":[{"taxonomy":"category","embeddable":true,"href":"https:\/\/www.egemtv.com\/index.php?rest_route=%2Fwp%2Fv2%2Fcategories&post=39195"},{"taxonomy":"post_tag","embeddable":true,"href":"https:\/\/www.egemtv.com\/index.php?rest_route=%2Fwp%2Fv2%2Ftags&post=39195"}],"curies":[{"name":"wp","href":"https:\/\/api.w.org\/{rel}","templated":true}]}}