{"id":39192,"date":"2025-07-01T15:16:02","date_gmt":"2025-07-01T12:16:02","guid":{"rendered":"https:\/\/www.egemtv.com\/?p=39192"},"modified":"2025-07-01T15:16:08","modified_gmt":"2025-07-01T12:16:08","slug":"efelerde-yil-sonu-degerlendirmesi-yapildi","status":"publish","type":"post","link":"https:\/\/www.egemtv.com\/?p=39192","title":{"rendered":"Efeler\u2019de y\u0131l sonu de\u011ferlendirmesi yap\u0131ld\u0131"},"content":{"rendered":"<p>Efeler \u0130l\u00e7e Milli E\u011fitim M\u00fcd\u00fcr\u00fc Hakan \u00d6zcan ev sahipli\u011finde ger\u00e7ekle\u015ftirilen y\u0131l sonu de\u011ferlendirme toplant\u0131s\u0131nda, e\u011fitimcilere \u2019Atat\u00fcrk\u2019\u00fcn Etik Miras\u0131\u2019 isimli kitab\u0131 hediye edildi.<\/p>\n<p>Efeler \u0130l\u00e7e Milli E\u011fitim M\u00fcd\u00fcrl\u00fc\u011f\u00fc, 2024-2025 E\u011fitim-\u00d6\u011fretim Y\u0131l\u0131\u2019n\u0131n tamamlanmas\u0131 vesilesiyle bir y\u0131l sonu de\u011ferlendirme toplant\u0131s\u0131 d\u00fczenledi. \u0130l\u00e7e Milli E\u011fitim M\u00fcd\u00fcr\u00fc Hakan \u00d6zcan\u2019\u0131n ev sahipli\u011finde ger\u00e7ekle\u015fen toplant\u0131da, e\u011fitim y\u00f6neticilerine Prof. Dr. Hikmet \u00d6zdemir taraf\u0131ndan yaz\u0131lan &#8220;Atat\u00fcrk\u2019\u00fcn Etik Miras\u0131&#8221; adl\u0131 kitap hediye edildi. Toplant\u0131n\u0131n a\u00e7\u0131l\u0131\u015f konu\u015fmas\u0131n\u0131 yapan Efeler \u0130l\u00e7e Milli E\u011fitim M\u00fcd\u00fcr\u00fc Hakan \u00d6zcan, geride b\u0131rak\u0131lan e\u011fitim y\u0131l\u0131n\u0131n s\u0131radan bir d\u00f6nem olmad\u0131\u011f\u0131n\u0131, &#8220;T\u00fcrkiye Y\u00fczy\u0131l\u0131 Maarif Modeli&#8221; do\u011frultusunda \u00f6nemli ad\u0131mlar\u0131n at\u0131ld\u0131\u011f\u0131 bir y\u0131l oldu\u011funu vurgulad\u0131. M\u00fcd\u00fcr \u00d6zcan, konu\u015fmas\u0131nda e\u011fitim y\u00f6neticilerinin bu s\u00fcre\u00e7teki merkezi rol\u00fcne dikkat \u00e7ekti.<\/p>\n<p>M\u00fcd\u00fcr \u00d6zcan konu\u015fmas\u0131n\u0131n devam\u0131nda &#8220;T\u00fcrkiye Y\u00fczy\u0131l\u0131, bir medeniyet \u00fclk\u00fcs\u00fcd\u00fcr. Ve bu \u00fclk\u00fcn\u00fcn merkezinde e\u011fitim, e\u011fitimin merkezinde ise bizler, siz de\u011ferli y\u00f6neticiler yer almaktas\u0131n\u0131z. Maarif Modeli, sadece bir m\u00fcfredat de\u011fi\u015fikli\u011fi de\u011fil, ayn\u0131 zamanda bireyin zihinsel, duygusal ve ahlaki y\u00f6nden b\u00fct\u00fcnc\u00fcl olarak geli\u015fmesini hedefleyen bir paradigma de\u011fi\u015fimidir. Bu de\u011fi\u015fim, sizlerin g\u00fc\u00e7l\u00fc iradesi ve sahadaki uygulama kararl\u0131l\u0131\u011f\u0131yla anlam kazanm\u0131\u015ft\u0131r&#8221; ifadelerine yer verdi.<\/p>\n<p>Y\u0131l sonu de\u011ferlendirmesi yap\u0131lan toplant\u0131 sonunda \u00d6zcan, y\u00f6neticilere \u00f6zverili \u00e7al\u0131\u015fmalar\u0131 i\u00e7in te\u015fekk\u00fcr ederek y\u00f6netim anlay\u0131\u015flar\u0131n\u0131 adalet, \u015feffafl\u0131k ve liyakat ekseninde s\u00fcrd\u00fcreceklerini belirtti.<\/p>\n<p>Konu\u015fmalar\u0131n ard\u0131ndan M\u00fcd\u00fcr Hakan \u00d6zcan, \u015fube m\u00fcd\u00fcrleri ve okul y\u00f6neticilerine Prof. Dr. Hikmet \u00d6zdemir\u2019in kaleme ald\u0131\u011f\u0131 &#8220;Atat\u00fcrk\u2019\u00fcn Etik Miras\u0131&#8221; adl\u0131 eseri takdim etti. Kitab\u0131n, Efeler \u0130l\u00e7e Milli E\u011fitim M\u00fcd\u00fcrl\u00fc\u011f\u00fc Bilim Akademisi taraf\u0131ndan y\u00fcr\u00fct\u00fclen &#8220;Y\u00f6neticiler Okuyor&#8221; projesi kapsam\u0131nda sunuldu\u011fu belirtildi. Kitaplar\u0131n i\u00e7inde, \u0130l\u00e7e Milli E\u011fitim M\u00fcd\u00fcr\u00fc Hakan \u00d6zcan taraf\u0131ndan e\u011fitim liderlerine \u00f6zel olarak yaz\u0131lm\u0131\u015f bir mektup da yer ald\u0131. Mektupta, Gazi Mustafa Kemal Atat\u00fcrk\u2019\u00fcn &#8220;\u0130nsanlar daima y\u00fcksek, temiz, kutsal ama\u00e7lara y\u00fcr\u00fcmelidirler. Bu hareket \u015feklidir ki insan olan\u0131n vicdan\u0131n\u0131, beynini ve b\u00fct\u00fcn insani kavram\u0131n\u0131 tatmin eder. Bu \u015fekilde y\u00fcr\u00fcyenler, ne kadar b\u00fcy\u00fck \u00f6zveride bulunurlarsa y\u00fckselirler ve bu hareket \u015fekli kesinlikle a\u00e7\u0131k olur. \u00c7\u00fcnk\u00fc aln\u0131 a\u00e7\u0131k, beyni a\u00e7\u0131k, kalp ve vicdan\u0131 a\u00e7\u0131k insanlar taraf\u0131ndan y\u00f6netilen toplumlar, ancak bu anlamda hareketlerin izleyicisi olurlar&#8221; s\u00f6zlerine yer veren M\u00fcd\u00fcr \u00d6zcan, etik liderli\u011fin \u00f6nemine dikkat \u00e7ekti. Mektupta ayr\u0131ca, okul y\u00f6neticilerinin bu kitab\u0131 okuyarak Atat\u00fcrk\u2019\u00fcn etik miras\u0131n\u0131 \u00f6z\u00fcmsemelerinin, yaln\u0131zca ge\u00e7mi\u015fe bir sayg\u0131 de\u011fil, ayn\u0131 zamanda gelece\u011fe y\u00f6n verme sorumlulu\u011fu oldu\u011fu ve etik liderli\u011fin g\u00fc\u00e7l\u00fc bir T\u00fcrkiye\u2019nin anahtar\u0131 oldu\u011fu vurguland\u0131.<br \/><\/p>\n","protected":false},"excerpt":{"rendered":"<p>Efeler \u0130l\u00e7e Milli E\u011fitim M\u00fcd\u00fcr\u00fc Hakan \u00d6zcan ev sahipli\u011finde ger\u00e7ekle\u015ftirilen y\u0131l sonu de\u011ferlendirme toplant\u0131s\u0131nda, e\u011fitimcilere \u2019Atat\u00fcrk\u2019\u00fcn Etik Miras\u0131\u2019 isimli kitab\u0131 hediye edildi. Efeler \u0130l\u00e7e Milli E\u011fitim M\u00fcd\u00fcrl\u00fc\u011f\u00fc, 2024-2025 E\u011fitim-\u00d6\u011fretim Y\u0131l\u0131\u2019n\u0131n tamamlanmas\u0131 vesilesiyle bir y\u0131l sonu de\u011ferlendirme toplant\u0131s\u0131 d\u00fczenledi. \u0130l\u00e7e Milli E\u011fitim M\u00fcd\u00fcr\u00fc Hakan \u00d6zcan\u2019\u0131n ev sahipli\u011finde ger\u00e7ekle\u015fen toplant\u0131da, e\u011fitim y\u00f6neticilerine Prof. Dr. Hikmet \u00d6zdemir taraf\u0131ndan&#8230;<\/p>\n","protected":false},"author":1,"featured_media":39193,"comment_status":"open","ping_status":"open","sticky":false,"template":"","format":"standard","meta":{"_crdt_document":"","footnotes":""},"categories":[1],"tags":[],"class_list":["post-39192","post","type-post","status-publish","format-standard","has-post-thumbnail","hentry","category-guncel"],"_links":{"self":[{"href":"https:\/\/www.egemtv.com\/index.php?rest_route=\/wp\/v2\/posts\/39192","targetHints":{"allow":["GET"]}}],"collection":[{"href":"https:\/\/www.egemtv.com\/index.php?rest_route=\/wp\/v2\/posts"}],"about":[{"href":"https:\/\/www.egemtv.com\/index.php?rest_route=\/wp\/v2\/types\/post"}],"author":[{"embeddable":true,"href":"https:\/\/www.egemtv.com\/index.php?rest_route=\/wp\/v2\/users\/1"}],"replies":[{"embeddable":true,"href":"https:\/\/www.egemtv.com\/index.php?rest_route=%2Fwp%2Fv2%2Fcomments&post=39192"}],"version-history":[{"count":1,"href":"https:\/\/www.egemtv.com\/index.php?rest_route=\/wp\/v2\/posts\/39192\/revisions"}],"predecessor-version":[{"id":39194,"href":"https:\/\/www.egemtv.com\/index.php?rest_route=\/wp\/v2\/posts\/39192\/revisions\/39194"}],"wp:featuredmedia":[{"embeddable":true,"href":"https:\/\/www.egemtv.com\/index.php?rest_route=\/wp\/v2\/media\/39193"}],"wp:attachment":[{"href":"https:\/\/www.egemtv.com\/index.php?rest_route=%2Fwp%2Fv2%2Fmedia&parent=39192"}],"wp:term":[{"taxonomy":"category","embeddable":true,"href":"https:\/\/www.egemtv.com\/index.php?rest_route=%2Fwp%2Fv2%2Fcategories&post=39192"},{"taxonomy":"post_tag","embeddable":true,"href":"https:\/\/www.egemtv.com\/index.php?rest_route=%2Fwp%2Fv2%2Ftags&post=39192"}],"curies":[{"name":"wp","href":"https:\/\/api.w.org\/{rel}","templated":true}]}}