{"id":39189,"date":"2025-07-01T14:56:59","date_gmt":"2025-07-01T11:56:59","guid":{"rendered":"https:\/\/www.egemtv.com\/?p=39189"},"modified":"2025-07-01T14:57:05","modified_gmt":"2025-07-01T11:57:05","slug":"mskulu-akademisyene-kanadadan-prestijli-gorev","status":"publish","type":"post","link":"https:\/\/www.egemtv.com\/?p=39189","title":{"rendered":"MSK\u00dc\u2019l\u00fc Akademisyene Kanada\u2019dan prestijli g\u00f6rev"},"content":{"rendered":"<p>Mu\u011fla S\u0131tk\u0131 Ko\u00e7man \u00dcniversitesi (MSK\u00dc) Fethiye Sa\u011fl\u0131k Bilimleri Fak\u00fcltesi \u00d6\u011fretim \u00dcyesi Do\u00e7. Dr. Furkan Bilek, bilimsel \u00e7al\u0131\u015fmalar\u0131 ve uluslararas\u0131 alandaki katk\u0131lar\u0131 nedeniyle Kanada\u2019n\u0131n \u00f6nde gelen e\u011fitim kurumlar\u0131ndan Memorial University of Newfoundland\u2019\u0131n T\u0131p Fak\u00fcltesi b\u00fcnyesinde Onursal \u00d6\u011fretim \u00dcyesi (Adjunct Professor) olarak atand\u0131.<br \/>\n<br \/>Dr. Bilek\u2019in bu atamas\u0131, hem kendisinin akademik kariyeri hem de MSK\u00dc i\u00e7in b\u00fcy\u00fck bir ba\u015far\u0131 ve uluslararas\u0131 tan\u0131n\u0131rl\u0131k anlam\u0131na geliyor. Bu atama, Mu\u011fla S\u0131tk\u0131 Ko\u00e7man \u00dcniversitesi\u2019nin uluslararas\u0131 akademik i\u015f birliklerini g\u00fc\u00e7lendirecek ve \u00fcniversitemizin k\u00fcresel ara\u015ft\u0131rma a\u011f\u0131na entegrasyonunu h\u0131zland\u0131racak. Memorial University of Newfoundland ile s\u00fcrd\u00fcr\u00fclecek ortak projeler sayesinde, yeni ara\u015ft\u0131rma f\u0131rsatlar\u0131 do\u011facak. Ayr\u0131ca, bu i\u015f birli\u011fi \u00fcniversitemiz \u00f6\u011frencilerinin uluslararas\u0131 deneyim kazanmas\u0131na ve disiplinleraras\u0131 \u00e7al\u0131\u015fmalara kat\u0131lmas\u0131na imkan sa\u011flayacak.<br \/>\n<br \/>Dr. Bilek, bu atama sayesinde Memorial University of Newfoundland\u2019daki ara\u015ft\u0131rma faaliyetlerine aktif olarak kat\u0131lmaya devam edecek ve \u00f6zellikle Multipl Skleroz (MS) alan\u0131nda y\u00fcr\u00fct\u00fclen projelerde \u00f6nemli roller \u00fcstlenecek.<br \/>\n<br \/>B\u00fcy\u00fck bir mutluluk ve gurur duydu\u011funu dile getiren Do\u00e7. Dr. Bilek, &#8220;Bu pozisyon, bana uluslararas\u0131 arenada ara\u015ft\u0131rmalar\u0131m\u0131 s\u00fcrd\u00fcrme ve multidisipliner projelere katk\u0131 sa\u011flama f\u0131rsat\u0131 sunuyor. \u00d6zellikle Multipl Skleroz (MS) alan\u0131nda y\u00fcr\u00fctt\u00fc\u011f\u00fcm\u00fcz \u00e7al\u0131\u015fmalar\u0131n daha geni\u015f bir ekiple devam etmesi, hem bilimsel \u00e7\u0131kt\u0131lar\u0131m\u0131z\u0131n artmas\u0131n\u0131 hem de \u00f6\u011frencilerimizin bu s\u00fcre\u00e7ten faydalanmas\u0131n\u0131 sa\u011flayacak. Mu\u011fla S\u0131tk\u0131 Ko\u00e7man \u00dcniversitesi\u2019nin uluslararas\u0131 i\u015f birliklerinin g\u00fc\u00e7lenmesi, laboratuvar imkanlar\u0131n\u0131n geli\u015fmesi ve \u00f6\u011frencilerimizin yurtd\u0131\u015f\u0131 deneyim kazanmas\u0131 gibi somut kazan\u0131mlar\u0131 da beraberinde getirecektir. Bu s\u00fcre\u00e7te bana destek olan ba\u015fta Say\u0131n Rekt\u00f6r\u00fcm\u00fcz Prof. Dr. Turhan Ka\u00e7ar olmak \u00fczere, \u00fcniversite y\u00f6netimimiz, de\u011ferli hocalar\u0131m ve t\u00fcm \u00e7al\u0131\u015fma arkada\u015flar\u0131ma \u015f\u00fckranlar\u0131m\u0131 sunar\u0131m. Memorial University of Newfoundland ile kurulan bu stratejik i\u015f birli\u011finin hem ki\u015fisel akademik kariyerim hem de \u00fcniversitemizin uluslararas\u0131 akademik hedefleri ad\u0131na \u00f6nemli katk\u0131lar sa\u011flayaca\u011f\u0131na y\u00fcrekten inan\u0131yorum&#8221; dedi.<br \/><\/p>\n","protected":false},"excerpt":{"rendered":"<p>Mu\u011fla S\u0131tk\u0131 Ko\u00e7man \u00dcniversitesi (MSK\u00dc) Fethiye Sa\u011fl\u0131k Bilimleri Fak\u00fcltesi \u00d6\u011fretim \u00dcyesi Do\u00e7. Dr. Furkan Bilek, bilimsel \u00e7al\u0131\u015fmalar\u0131 ve uluslararas\u0131 alandaki katk\u0131lar\u0131 nedeniyle Kanada\u2019n\u0131n \u00f6nde gelen e\u011fitim kurumlar\u0131ndan Memorial University of Newfoundland\u2019\u0131n T\u0131p Fak\u00fcltesi b\u00fcnyesinde Onursal \u00d6\u011fretim \u00dcyesi (Adjunct Professor) olarak atand\u0131. Dr. Bilek\u2019in bu atamas\u0131, hem kendisinin akademik kariyeri hem de MSK\u00dc i\u00e7in b\u00fcy\u00fck bir&#8230;<\/p>\n","protected":false},"author":1,"featured_media":39190,"comment_status":"open","ping_status":"open","sticky":false,"template":"","format":"standard","meta":{"_crdt_document":"","footnotes":""},"categories":[1],"tags":[],"class_list":["post-39189","post","type-post","status-publish","format-standard","has-post-thumbnail","hentry","category-guncel"],"_links":{"self":[{"href":"https:\/\/www.egemtv.com\/index.php?rest_route=\/wp\/v2\/posts\/39189","targetHints":{"allow":["GET"]}}],"collection":[{"href":"https:\/\/www.egemtv.com\/index.php?rest_route=\/wp\/v2\/posts"}],"about":[{"href":"https:\/\/www.egemtv.com\/index.php?rest_route=\/wp\/v2\/types\/post"}],"author":[{"embeddable":true,"href":"https:\/\/www.egemtv.com\/index.php?rest_route=\/wp\/v2\/users\/1"}],"replies":[{"embeddable":true,"href":"https:\/\/www.egemtv.com\/index.php?rest_route=%2Fwp%2Fv2%2Fcomments&post=39189"}],"version-history":[{"count":1,"href":"https:\/\/www.egemtv.com\/index.php?rest_route=\/wp\/v2\/posts\/39189\/revisions"}],"predecessor-version":[{"id":39191,"href":"https:\/\/www.egemtv.com\/index.php?rest_route=\/wp\/v2\/posts\/39189\/revisions\/39191"}],"wp:featuredmedia":[{"embeddable":true,"href":"https:\/\/www.egemtv.com\/index.php?rest_route=\/wp\/v2\/media\/39190"}],"wp:attachment":[{"href":"https:\/\/www.egemtv.com\/index.php?rest_route=%2Fwp%2Fv2%2Fmedia&parent=39189"}],"wp:term":[{"taxonomy":"category","embeddable":true,"href":"https:\/\/www.egemtv.com\/index.php?rest_route=%2Fwp%2Fv2%2Fcategories&post=39189"},{"taxonomy":"post_tag","embeddable":true,"href":"https:\/\/www.egemtv.com\/index.php?rest_route=%2Fwp%2Fv2%2Ftags&post=39189"}],"curies":[{"name":"wp","href":"https:\/\/api.w.org\/{rel}","templated":true}]}}