{"id":39186,"date":"2025-07-01T14:56:54","date_gmt":"2025-07-01T11:56:54","guid":{"rendered":"https:\/\/www.egemtv.com\/?p=39186"},"modified":"2025-07-01T14:56:59","modified_gmt":"2025-07-01T11:56:59","slug":"sarigollu-ogretmenler-bursanin-tarihi-dokusunu-kesfetti","status":"publish","type":"post","link":"https:\/\/www.egemtv.com\/?p=39186","title":{"rendered":"Sar\u0131g\u00f6ll\u00fc \u00f6\u011fretmenler Bursa\u2019n\u0131n tarihi dokusunu ke\u015ffetti"},"content":{"rendered":"<p>Manisa\u2019n\u0131n Sar\u0131g\u00f6l il\u00e7esinden \u015eehit Esin Akay \u0130lkokulu ve \u00c7anak\u00e7\u0131 \u0130lkokulu \u00f6\u011fretmenleri ile ailelerinin olu\u015fturdu\u011fu 18 ki\u015filik kafile, yaz tatillerini de\u011ferlendirerek Bursa\u2019n\u0131n tarihi mekanlar\u0131n\u0131 ziyaret etti.<br \/>\n<br \/>Kafile, Osmanl\u0131 Devleti\u2019nin kurucular\u0131ndan Osman Bey ve Orhan Bey\u2019in t\u00fcrbelerinin yan\u0131 s\u0131ra Bursa\u2019n\u0131n bir\u00e7ok tarihi ve k\u00fclt\u00fcrel alan\u0131n\u0131 gezerek keyifli bir k\u00fclt\u00fcrel deneyim ya\u015fad\u0131.<br \/>\n<br \/>\u015eehit Esin Akay \u0130lkokulu M\u00fcd\u00fcr\u00fc Mehmet Alt\u0131nta\u015f, etkinlikle ilgili yapt\u0131\u011f\u0131 a\u00e7\u0131klamada, &#8220;Yaz tatilimizi \u00fclkemizin tarihi ve k\u00fclt\u00fcrel zenginliklerini ke\u015ffederek de\u011ferlendiriyoruz. Bursa\u2019da Osmanl\u0131\u2019n\u0131n izlerini ta\u015f\u0131yan tarihi mekanlar\u0131 ziyaret ettik ve \u00e7ok g\u00fczel hat\u0131ralar biriktirdik. Tarih bilinci ve k\u00fclt\u00fcrel miraslar\u0131m\u0131z\u0131 tan\u0131tmak ad\u0131na bu t\u00fcr geziler olduk\u00e7a \u00f6nemli.&#8221; dedi.<br \/>\n<br \/>Alt\u0131nta\u015f ayr\u0131ca, \u00f6n\u00fcm\u00fczdeki hafta 4. s\u0131n\u0131f \u00f6\u011frencileri ve ailelerini kapsayan Bat\u0131 Karadeniz illerine y\u00f6nelik bir gezi planlad\u0131klar\u0131n\u0131 ifade ederek, &#8220;\u00c7ocuklar\u0131m\u0131z\u0131n hem do\u011fa g\u00fczelliklerimizi hem de tarihi zenginliklerimizi yak\u0131ndan g\u00f6rmeleri, onlar\u0131n ya\u015famlar\u0131 boyunca unutamayacaklar\u0131 bir deneyim olacak.&#8221; diyerek gezi planlar\u0131n\u0131n devam edece\u011fini belirtti.<br \/>\n<br \/>Sar\u0131g\u00f6ll\u00fc \u00f6\u011fretmenlerin k\u00fclt\u00fcrel gezi program\u0131, meslekta\u015flar ve aileleri aras\u0131nda b\u00fcy\u00fck memnuniyetle kar\u015f\u0131land\u0131.<br \/><\/p>\n","protected":false},"excerpt":{"rendered":"<p>Manisa\u2019n\u0131n Sar\u0131g\u00f6l il\u00e7esinden \u015eehit Esin Akay \u0130lkokulu ve \u00c7anak\u00e7\u0131 \u0130lkokulu \u00f6\u011fretmenleri ile ailelerinin olu\u015fturdu\u011fu 18 ki\u015filik kafile, yaz tatillerini de\u011ferlendirerek Bursa\u2019n\u0131n tarihi mekanlar\u0131n\u0131 ziyaret etti. Kafile, Osmanl\u0131 Devleti\u2019nin kurucular\u0131ndan Osman Bey ve Orhan Bey\u2019in t\u00fcrbelerinin yan\u0131 s\u0131ra Bursa\u2019n\u0131n bir\u00e7ok tarihi ve k\u00fclt\u00fcrel alan\u0131n\u0131 gezerek keyifli bir k\u00fclt\u00fcrel deneyim ya\u015fad\u0131. \u015eehit Esin Akay \u0130lkokulu M\u00fcd\u00fcr\u00fc Mehmet&#8230;<\/p>\n","protected":false},"author":1,"featured_media":39187,"comment_status":"open","ping_status":"open","sticky":false,"template":"","format":"standard","meta":{"_crdt_document":"","footnotes":""},"categories":[1],"tags":[],"class_list":["post-39186","post","type-post","status-publish","format-standard","has-post-thumbnail","hentry","category-guncel"],"_links":{"self":[{"href":"https:\/\/www.egemtv.com\/index.php?rest_route=\/wp\/v2\/posts\/39186","targetHints":{"allow":["GET"]}}],"collection":[{"href":"https:\/\/www.egemtv.com\/index.php?rest_route=\/wp\/v2\/posts"}],"about":[{"href":"https:\/\/www.egemtv.com\/index.php?rest_route=\/wp\/v2\/types\/post"}],"author":[{"embeddable":true,"href":"https:\/\/www.egemtv.com\/index.php?rest_route=\/wp\/v2\/users\/1"}],"replies":[{"embeddable":true,"href":"https:\/\/www.egemtv.com\/index.php?rest_route=%2Fwp%2Fv2%2Fcomments&post=39186"}],"version-history":[{"count":1,"href":"https:\/\/www.egemtv.com\/index.php?rest_route=\/wp\/v2\/posts\/39186\/revisions"}],"predecessor-version":[{"id":39188,"href":"https:\/\/www.egemtv.com\/index.php?rest_route=\/wp\/v2\/posts\/39186\/revisions\/39188"}],"wp:featuredmedia":[{"embeddable":true,"href":"https:\/\/www.egemtv.com\/index.php?rest_route=\/wp\/v2\/media\/39187"}],"wp:attachment":[{"href":"https:\/\/www.egemtv.com\/index.php?rest_route=%2Fwp%2Fv2%2Fmedia&parent=39186"}],"wp:term":[{"taxonomy":"category","embeddable":true,"href":"https:\/\/www.egemtv.com\/index.php?rest_route=%2Fwp%2Fv2%2Fcategories&post=39186"},{"taxonomy":"post_tag","embeddable":true,"href":"https:\/\/www.egemtv.com\/index.php?rest_route=%2Fwp%2Fv2%2Ftags&post=39186"}],"curies":[{"name":"wp","href":"https:\/\/api.w.org\/{rel}","templated":true}]}}