{"id":39183,"date":"2025-07-01T14:35:48","date_gmt":"2025-07-01T11:35:48","guid":{"rendered":"https:\/\/www.egemtv.com\/?p=39183"},"modified":"2025-07-01T14:35:53","modified_gmt":"2025-07-01T11:35:53","slug":"cemar-timin-odul-torenine-katildi","status":"publish","type":"post","link":"https:\/\/www.egemtv.com\/?p=39183","title":{"rendered":"Cemar, T\u0130M\u2019in \u00f6d\u00fcl t\u00f6renine kat\u0131ld\u0131"},"content":{"rendered":"<p>Cemar Traverten ve Mermer Genel M\u00fcd\u00fcr\u00fc Yusuf Yal\u00e7\u0131n, T\u00fcrkiye \u0130hracat\u00e7\u0131lar Meclisi\u2019nin (T\u0130M) ev sahipli\u011finde Hali\u00e7 Kongre Merkezi\u2019nde d\u00fczenlenen ve Cumhurba\u015fkan\u0131 Recep Tayyip Erdo\u011fan ile bakanlar\u0131n da kat\u0131ld\u0131\u011f\u0131 &#8220;\u0130hracat\u0131n \u015eampiyonlar\u0131&#8221; \u00f6d\u00fcl t\u00f6renine kat\u0131ld\u0131.<br \/>\n<br \/>Sekt\u00f6r\u00fcnde d\u00fcnyan\u0131n d\u00f6rt bir yan\u0131na ihracat yaparak \u00f6nc\u00fc firmalar aras\u0131nda yer alan Cemar Traverten ve Mermer, g\u00fc\u00e7l\u00fc vizyon projeleri, y\u00fcksek ihracat hacmi ve istihdam kapasitesiyle ad\u0131ndan s\u00f6z ettirmeye devam ediyor. Geni\u015f istihdam yelpazesi, ihracat yo\u011funlu\u011fu ve hizmet kalitesi ile uluslararas\u0131 pazarda \u00f6nemli bir s\u00f6z sahibi olan Cemar Traverten ve Mermer\u2019in Genel M\u00fcd\u00fcr\u00fc Yusuf Yal\u00e7\u0131n, T\u00fcrkiye \u0130hracat\u00e7\u0131lar Meclisi\u2019nin (T\u0130M) ev sahipli\u011finde Hali\u00e7 Kongre Merkezi\u2019nde d\u00fczenlenen ve Cumhurba\u015fkan\u0131 Recep Tayyip Erdo\u011fan ile bakanlar\u0131n da kat\u0131ld\u0131\u011f\u0131 &#8220;\u0130hracat\u0131n \u015eampiyonlar\u0131&#8221; \u00f6d\u00fcl t\u00f6reninde yer ald\u0131.<br \/>\n<br \/>T\u00fcrkiye \u0130hracat\u00e7\u0131lar Meclisi\u2019nin (T\u0130M) ev sahipli\u011finde d\u00fczenlenen T\u0130M 32. Genel Kurul ve \u0130hracat\u0131n \u015eampiyonlar\u0131 \u00d6d\u00fcl T\u00f6reni\u2019ne, Cumhurba\u015fkan\u0131 Recep Tayyip Erdo\u011fan, Ticaret Bakan\u0131 \u00d6mer Bolat, Sanayi ve Teknoloji Bakan\u0131 Mehmet Fatih Kac\u0131r ve Gen\u00e7lik ve Spor Bakan\u0131 Osman A\u015fk\u0131n Bak da kat\u0131ld\u0131.<br \/><\/p>\n","protected":false},"excerpt":{"rendered":"<p>Cemar Traverten ve Mermer Genel M\u00fcd\u00fcr\u00fc Yusuf Yal\u00e7\u0131n, T\u00fcrkiye \u0130hracat\u00e7\u0131lar Meclisi\u2019nin (T\u0130M) ev sahipli\u011finde Hali\u00e7 Kongre Merkezi\u2019nde d\u00fczenlenen ve Cumhurba\u015fkan\u0131 Recep Tayyip Erdo\u011fan ile bakanlar\u0131n da kat\u0131ld\u0131\u011f\u0131 &#8220;\u0130hracat\u0131n \u015eampiyonlar\u0131&#8221; \u00f6d\u00fcl t\u00f6renine kat\u0131ld\u0131. Sekt\u00f6r\u00fcnde d\u00fcnyan\u0131n d\u00f6rt bir yan\u0131na ihracat yaparak \u00f6nc\u00fc firmalar aras\u0131nda yer alan Cemar Traverten ve Mermer, g\u00fc\u00e7l\u00fc vizyon projeleri, y\u00fcksek ihracat hacmi ve&#8230;<\/p>\n","protected":false},"author":1,"featured_media":39184,"comment_status":"open","ping_status":"open","sticky":false,"template":"","format":"standard","meta":{"_crdt_document":"","footnotes":""},"categories":[125],"tags":[],"class_list":["post-39183","post","type-post","status-publish","format-standard","has-post-thumbnail","hentry","category-ekonomi"],"_links":{"self":[{"href":"https:\/\/www.egemtv.com\/index.php?rest_route=\/wp\/v2\/posts\/39183","targetHints":{"allow":["GET"]}}],"collection":[{"href":"https:\/\/www.egemtv.com\/index.php?rest_route=\/wp\/v2\/posts"}],"about":[{"href":"https:\/\/www.egemtv.com\/index.php?rest_route=\/wp\/v2\/types\/post"}],"author":[{"embeddable":true,"href":"https:\/\/www.egemtv.com\/index.php?rest_route=\/wp\/v2\/users\/1"}],"replies":[{"embeddable":true,"href":"https:\/\/www.egemtv.com\/index.php?rest_route=%2Fwp%2Fv2%2Fcomments&post=39183"}],"version-history":[{"count":1,"href":"https:\/\/www.egemtv.com\/index.php?rest_route=\/wp\/v2\/posts\/39183\/revisions"}],"predecessor-version":[{"id":39185,"href":"https:\/\/www.egemtv.com\/index.php?rest_route=\/wp\/v2\/posts\/39183\/revisions\/39185"}],"wp:featuredmedia":[{"embeddable":true,"href":"https:\/\/www.egemtv.com\/index.php?rest_route=\/wp\/v2\/media\/39184"}],"wp:attachment":[{"href":"https:\/\/www.egemtv.com\/index.php?rest_route=%2Fwp%2Fv2%2Fmedia&parent=39183"}],"wp:term":[{"taxonomy":"category","embeddable":true,"href":"https:\/\/www.egemtv.com\/index.php?rest_route=%2Fwp%2Fv2%2Fcategories&post=39183"},{"taxonomy":"post_tag","embeddable":true,"href":"https:\/\/www.egemtv.com\/index.php?rest_route=%2Fwp%2Fv2%2Ftags&post=39183"}],"curies":[{"name":"wp","href":"https:\/\/api.w.org\/{rel}","templated":true}]}}