{"id":39180,"date":"2025-07-01T14:35:44","date_gmt":"2025-07-01T11:35:44","guid":{"rendered":"https:\/\/www.egemtv.com\/?p=39180"},"modified":"2025-07-01T14:35:48","modified_gmt":"2025-07-01T11:35:48","slug":"afyon-lisesinde-destekleme-ve-yetistirme-kurslari-basladi","status":"publish","type":"post","link":"https:\/\/www.egemtv.com\/?p=39180","title":{"rendered":"Afyon Lisesi\u2019nde Destekleme ve Yeti\u015ftirme Kurslar\u0131 ba\u015flad\u0131"},"content":{"rendered":"<p>Afyon Lisesi\u2019nde 12.\u2019nci s\u0131n\u0131f \u00f6\u011frencilerine y\u00f6nelik \u2018Destekleme ve Yeti\u015ftirme Kurslar\u0131\u2019 ba\u015flat\u0131ld\u0131.<br \/>\n<br \/>Ana bran\u015flar olan matematik, fizik, kimya, biyoloji, T\u00fcrk dili ve edebiyat\u0131 ile tarih ve co\u011frafya derslerinden \u00f6\u011frenciler kurslar g\u00f6r\u00fcyor. Kurslarda sadece Afyon Lisesi \u00f6\u011frencileri de\u011fil di\u011fer okullardan da toplam 48 \u00f6\u011frencilerin kat\u0131ld\u0131\u011f\u0131 belirtildi. Okul idaresinden al\u0131nan bilgilere g\u00f6re kurslar A\u011fustos ay\u0131 sonuna kadar toplam 8 hafta s\u00fcrecek.<br \/>\n<br \/>Yaz d\u00f6nemi i\u00e7inde Afyon Lisesi\u2019nde d\u00fczenlenen di\u011fer bir etkinlikte Yaz Spor Okulu etkinli\u011fi. Afyon Lisesi Beden E\u011fitimi \u00d6\u011fretmeni G\u00fcven\u00e7 G\u00fcven dan\u0131\u015fmanl\u0131\u011f\u0131nda futsal, basketbol, voleybol olmak \u00fczere \u00fc\u00e7 alanda kurslar a\u00e7\u0131ld\u0131.<br \/>\n<br \/>Yine bu \u00e7al\u0131\u015fmalar\u0131n yan\u0131nda Afyon Lisesi\u2019nde, Halk E\u011fitim M\u00fcd\u00fcrl\u00fc\u011f\u00fcn\u00fcn koordinasyonunda Temel E\u011fitim D\u00fczeyindeki \u00f6\u011frenciler i\u00e7in \u00e7ocuklar i\u00e7in resim sanat\u0131 e\u011fitimi konulu boyama kursu a\u00e7\u0131ld\u0131\u011f\u0131 belirtildi.<br \/><\/p>\n","protected":false},"excerpt":{"rendered":"<p>Afyon Lisesi\u2019nde 12.\u2019nci s\u0131n\u0131f \u00f6\u011frencilerine y\u00f6nelik \u2018Destekleme ve Yeti\u015ftirme Kurslar\u0131\u2019 ba\u015flat\u0131ld\u0131. Ana bran\u015flar olan matematik, fizik, kimya, biyoloji, T\u00fcrk dili ve edebiyat\u0131 ile tarih ve co\u011frafya derslerinden \u00f6\u011frenciler kurslar g\u00f6r\u00fcyor. Kurslarda sadece Afyon Lisesi \u00f6\u011frencileri de\u011fil di\u011fer okullardan da toplam 48 \u00f6\u011frencilerin kat\u0131ld\u0131\u011f\u0131 belirtildi. Okul idaresinden al\u0131nan bilgilere g\u00f6re kurslar A\u011fustos ay\u0131 sonuna kadar toplam&#8230;<\/p>\n","protected":false},"author":1,"featured_media":39181,"comment_status":"open","ping_status":"open","sticky":false,"template":"","format":"standard","meta":{"_crdt_document":"","footnotes":""},"categories":[1],"tags":[],"class_list":["post-39180","post","type-post","status-publish","format-standard","has-post-thumbnail","hentry","category-guncel"],"_links":{"self":[{"href":"https:\/\/www.egemtv.com\/index.php?rest_route=\/wp\/v2\/posts\/39180","targetHints":{"allow":["GET"]}}],"collection":[{"href":"https:\/\/www.egemtv.com\/index.php?rest_route=\/wp\/v2\/posts"}],"about":[{"href":"https:\/\/www.egemtv.com\/index.php?rest_route=\/wp\/v2\/types\/post"}],"author":[{"embeddable":true,"href":"https:\/\/www.egemtv.com\/index.php?rest_route=\/wp\/v2\/users\/1"}],"replies":[{"embeddable":true,"href":"https:\/\/www.egemtv.com\/index.php?rest_route=%2Fwp%2Fv2%2Fcomments&post=39180"}],"version-history":[{"count":1,"href":"https:\/\/www.egemtv.com\/index.php?rest_route=\/wp\/v2\/posts\/39180\/revisions"}],"predecessor-version":[{"id":39182,"href":"https:\/\/www.egemtv.com\/index.php?rest_route=\/wp\/v2\/posts\/39180\/revisions\/39182"}],"wp:featuredmedia":[{"embeddable":true,"href":"https:\/\/www.egemtv.com\/index.php?rest_route=\/wp\/v2\/media\/39181"}],"wp:attachment":[{"href":"https:\/\/www.egemtv.com\/index.php?rest_route=%2Fwp%2Fv2%2Fmedia&parent=39180"}],"wp:term":[{"taxonomy":"category","embeddable":true,"href":"https:\/\/www.egemtv.com\/index.php?rest_route=%2Fwp%2Fv2%2Fcategories&post=39180"},{"taxonomy":"post_tag","embeddable":true,"href":"https:\/\/www.egemtv.com\/index.php?rest_route=%2Fwp%2Fv2%2Ftags&post=39180"}],"curies":[{"name":"wp","href":"https:\/\/api.w.org\/{rel}","templated":true}]}}