{"id":39177,"date":"2025-07-01T14:35:39","date_gmt":"2025-07-01T11:35:39","guid":{"rendered":"https:\/\/www.egemtv.com\/?p=39177"},"modified":"2025-07-01T14:35:43","modified_gmt":"2025-07-01T11:35:43","slug":"vali-yigitbasi-fabrikamiz-ulkemizin-savunma-sanayine-onemli-katkilar-sagliyor","status":"publish","type":"post","link":"https:\/\/www.egemtv.com\/?p=39177","title":{"rendered":"Vali Yi\u011fitba\u015f\u0131: &#8220;Fabrikam\u0131z \u00fclkemizin savunma sanayine \u00f6nemli katk\u0131lar sa\u011fl\u0131yor&#8221;"},"content":{"rendered":"<p>Afyonkarahisar Valisi Do\u00e7. Dr. K\u00fcbra G\u00fcran Yi\u011fitba\u015f\u0131, 8\u2019inci Ana Bak\u0131m Fabrika M\u00fcd\u00fcrl\u00fc\u011f\u00fc tesislerinde \u00fcretilen askeri te\u00e7hizat\u0131n \u00f6nemine vurgu yaparak, &#8220;Fabrikam\u0131zda \u00fcretin \u00fcr\u00fcnler \u00fclkemizin savunmas\u0131 ve kalk\u0131nmas\u0131na \u00f6nemli katk\u0131lar sa\u011flamaktad\u0131r&#8221; dedi.<br \/>\n<br \/>Vali Do\u00e7. Dr. K\u00fcbra G\u00fcran Yi\u011fitba\u015f\u0131, 8\u2019inci Ana Bak\u0131m Fabrika M\u00fcd\u00fcrl\u00fc\u011f\u00fc\u2019n\u00fcn yeni tesislerini ziyaret etti. ASFAT A.\u015e. ile yap\u0131lan s\u00f6zle\u015fme \u00e7er\u00e7evesinde kurulan tesislerde ger\u00e7ekle\u015ftirilen ziyarette, Vali Yi\u011fitba\u015f\u0131\u2019na, Fabrika M\u00fcd\u00fcr\u00fc M\u00fchendis K\u0131demli Albay Tayfun Emirzeo\u011flu taraf\u0131ndan balistik ba\u015fl\u0131k, yelek \u00fcretiminde kapasite art\u0131\u015f\u0131 ve yeni \u00fcretilen z\u0131rh plakalar\u0131na ili\u015fkin detayl\u0131 bilgi verildi. Ayr\u0131ca, Milli Savunma Bakanl\u0131\u011f\u0131 b\u00fcnyesinde \u00fcretim tesisi olarak Afyonkarahisar\u2019da yer alan tek balistik laboratuvar\u0131 da Vali Yi\u011fitba\u015f\u0131 taraf\u0131ndan yerinde incelendi.<br \/><\/p>\n","protected":false},"excerpt":{"rendered":"<p>Afyonkarahisar Valisi Do\u00e7. Dr. K\u00fcbra G\u00fcran Yi\u011fitba\u015f\u0131, 8\u2019inci Ana Bak\u0131m Fabrika M\u00fcd\u00fcrl\u00fc\u011f\u00fc tesislerinde \u00fcretilen askeri te\u00e7hizat\u0131n \u00f6nemine vurgu yaparak, &#8220;Fabrikam\u0131zda \u00fcretin \u00fcr\u00fcnler \u00fclkemizin savunmas\u0131 ve kalk\u0131nmas\u0131na \u00f6nemli katk\u0131lar sa\u011flamaktad\u0131r&#8221; dedi. Vali Do\u00e7. Dr. K\u00fcbra G\u00fcran Yi\u011fitba\u015f\u0131, 8\u2019inci Ana Bak\u0131m Fabrika M\u00fcd\u00fcrl\u00fc\u011f\u00fc\u2019n\u00fcn yeni tesislerini ziyaret etti. ASFAT A.\u015e. ile yap\u0131lan s\u00f6zle\u015fme \u00e7er\u00e7evesinde kurulan tesislerde ger\u00e7ekle\u015ftirilen ziyarette,&#8230;<\/p>\n","protected":false},"author":1,"featured_media":39178,"comment_status":"open","ping_status":"open","sticky":false,"template":"","format":"standard","meta":{"_crdt_document":"","footnotes":""},"categories":[1],"tags":[],"class_list":["post-39177","post","type-post","status-publish","format-standard","has-post-thumbnail","hentry","category-guncel"],"_links":{"self":[{"href":"https:\/\/www.egemtv.com\/index.php?rest_route=\/wp\/v2\/posts\/39177","targetHints":{"allow":["GET"]}}],"collection":[{"href":"https:\/\/www.egemtv.com\/index.php?rest_route=\/wp\/v2\/posts"}],"about":[{"href":"https:\/\/www.egemtv.com\/index.php?rest_route=\/wp\/v2\/types\/post"}],"author":[{"embeddable":true,"href":"https:\/\/www.egemtv.com\/index.php?rest_route=\/wp\/v2\/users\/1"}],"replies":[{"embeddable":true,"href":"https:\/\/www.egemtv.com\/index.php?rest_route=%2Fwp%2Fv2%2Fcomments&post=39177"}],"version-history":[{"count":1,"href":"https:\/\/www.egemtv.com\/index.php?rest_route=\/wp\/v2\/posts\/39177\/revisions"}],"predecessor-version":[{"id":39179,"href":"https:\/\/www.egemtv.com\/index.php?rest_route=\/wp\/v2\/posts\/39177\/revisions\/39179"}],"wp:featuredmedia":[{"embeddable":true,"href":"https:\/\/www.egemtv.com\/index.php?rest_route=\/wp\/v2\/media\/39178"}],"wp:attachment":[{"href":"https:\/\/www.egemtv.com\/index.php?rest_route=%2Fwp%2Fv2%2Fmedia&parent=39177"}],"wp:term":[{"taxonomy":"category","embeddable":true,"href":"https:\/\/www.egemtv.com\/index.php?rest_route=%2Fwp%2Fv2%2Fcategories&post=39177"},{"taxonomy":"post_tag","embeddable":true,"href":"https:\/\/www.egemtv.com\/index.php?rest_route=%2Fwp%2Fv2%2Ftags&post=39177"}],"curies":[{"name":"wp","href":"https:\/\/api.w.org\/{rel}","templated":true}]}}