{"id":39174,"date":"2025-07-01T14:16:34","date_gmt":"2025-07-01T11:16:34","guid":{"rendered":"https:\/\/www.egemtv.com\/?p=39174"},"modified":"2025-07-01T14:16:39","modified_gmt":"2025-07-01T11:16:39","slug":"akhisarin-efeleri-sahada-tarih-yazdi","status":"publish","type":"post","link":"https:\/\/www.egemtv.com\/?p=39174","title":{"rendered":"Akhisar\u2019\u0131n Efeleri sahada tarih yazd\u0131"},"content":{"rendered":"<p>T\u00fcrkiye Voleybol Federasyonu taraf\u0131ndan \u0130zmir\u2019de d\u00fczenlenen Midi Erkekler T\u00fcrkiye \u015eampiyonas\u0131\u2019nda yar\u0131 finale kadar y\u00fckselme ba\u015far\u0131s\u0131 g\u00f6steren Akhisar Gen\u00e7lik ve Spor Kul\u00fcb\u00fc, T\u00fcrk voleyboluna damga vurmaya devam ediyor.<br \/>\n<br \/>Gruptan ikinci olarak \u00e7\u0131kan Akhisar temsilcisi, son 16 ve \u00e7eyrek final ma\u00e7lar\u0131nda rakiplerini 3-1\u2019lik skorlarla ge\u00e7erek yar\u0131 finale y\u00fckselme ba\u015far\u0131s\u0131 g\u00f6sterdi. Yar\u0131 finalde g\u00fc\u00e7l\u00fc rakibi Fenerbah\u00e7e\u2019ye kar\u015f\u0131 verdi\u011fi m\u00fccadeleyle dikkatleri \u00fczerine \u00e7eken Manisa temsilcisi, kar\u015f\u0131la\u015fmay\u0131 3-0 kaybetmesine ra\u011fmen moralini hi\u00e7 bozmad\u0131. 3\u2019\u00fcnc\u00fcl\u00fck ve 4\u2019\u00fcnc\u00fcl\u00fck ma\u00e7\u0131nda \u0130stanbul B\u00fcy\u00fck\u015fehir Belediyespor\u2019a 3-1\u2019lik skorla ma\u011flup olan Akhisar\u2019\u0131n Efeleri, 32 tak\u0131m\u0131n yer ald\u0131\u011f\u0131 \u015fampiyonada T\u00fcrkiye 4\u2019\u00fcnc\u00fcs\u00fc olma ba\u015far\u0131s\u0131 g\u00f6sterdi.<br \/>\n<br \/>Manisa Gen\u00e7lik ve Spor \u0130l M\u00fcd\u00fcrl\u00fc\u011f\u00fc Voleybol Antren\u00f6r\u00fc R\u0131dvan Hac\u0131o\u011flu\u2019nun liderli\u011finde kurulan bu gen\u00e7 ve dinamik tak\u0131m, sadece bir ba\u015far\u0131ya imza atmakla kalmad\u0131; altyap\u0131 \u00e7al\u0131\u015fmalar\u0131n\u0131n ve disiplinli spor anlay\u0131\u015f\u0131n\u0131n meyvesini de toplad\u0131.<br \/>\n<br \/>Sahada g\u00f6sterdikleri azim, tak\u0131m ruhu ve y\u00fcksek m\u00fccadele g\u00fcc\u00fcyle \u00f6rnek te\u015fkil eden bu \u00f6zel ekip, Akhisar\u2019da parlayan voleybolun gelece\u011fi olarak T\u00fcrk sporuna umut verdi.<br \/>\n<br \/>Manisa Gen\u00e7lik ve Spor \u0130l M\u00fcd\u00fcr\u00fc Yunus \u00d6zt\u00fcrk, &#8220;Akhisar Gen\u00e7lik ve Spor Kul\u00fcb\u00fcm\u00fcz\u00fcn bu b\u00fcy\u00fck ba\u015far\u0131s\u0131, ilimiz sporunun geldi\u011fi noktay\u0131 g\u00f6stermesi a\u00e7\u0131s\u0131ndan \u00e7ok de\u011ferli. Gen\u00e7 sporcular\u0131m\u0131z\u0131 ve teknik ekibimizi y\u00fcrekten kutluyorum. Onlarla gurur duyuyoruz.&#8221; dedi.<br \/><\/p>\n","protected":false},"excerpt":{"rendered":"<p>T\u00fcrkiye Voleybol Federasyonu taraf\u0131ndan \u0130zmir\u2019de d\u00fczenlenen Midi Erkekler T\u00fcrkiye \u015eampiyonas\u0131\u2019nda yar\u0131 finale kadar y\u00fckselme ba\u015far\u0131s\u0131 g\u00f6steren Akhisar Gen\u00e7lik ve Spor Kul\u00fcb\u00fc, T\u00fcrk voleyboluna damga vurmaya devam ediyor. Gruptan ikinci olarak \u00e7\u0131kan Akhisar temsilcisi, son 16 ve \u00e7eyrek final ma\u00e7lar\u0131nda rakiplerini 3-1\u2019lik skorlarla ge\u00e7erek yar\u0131 finale y\u00fckselme ba\u015far\u0131s\u0131 g\u00f6sterdi. Yar\u0131 finalde g\u00fc\u00e7l\u00fc rakibi Fenerbah\u00e7e\u2019ye kar\u015f\u0131 verdi\u011fi&#8230;<\/p>\n","protected":false},"author":1,"featured_media":39175,"comment_status":"open","ping_status":"open","sticky":false,"template":"","format":"standard","meta":{"_crdt_document":"","footnotes":""},"categories":[4],"tags":[],"class_list":["post-39174","post","type-post","status-publish","format-standard","has-post-thumbnail","hentry","category-spor"],"_links":{"self":[{"href":"https:\/\/www.egemtv.com\/index.php?rest_route=\/wp\/v2\/posts\/39174","targetHints":{"allow":["GET"]}}],"collection":[{"href":"https:\/\/www.egemtv.com\/index.php?rest_route=\/wp\/v2\/posts"}],"about":[{"href":"https:\/\/www.egemtv.com\/index.php?rest_route=\/wp\/v2\/types\/post"}],"author":[{"embeddable":true,"href":"https:\/\/www.egemtv.com\/index.php?rest_route=\/wp\/v2\/users\/1"}],"replies":[{"embeddable":true,"href":"https:\/\/www.egemtv.com\/index.php?rest_route=%2Fwp%2Fv2%2Fcomments&post=39174"}],"version-history":[{"count":1,"href":"https:\/\/www.egemtv.com\/index.php?rest_route=\/wp\/v2\/posts\/39174\/revisions"}],"predecessor-version":[{"id":39176,"href":"https:\/\/www.egemtv.com\/index.php?rest_route=\/wp\/v2\/posts\/39174\/revisions\/39176"}],"wp:featuredmedia":[{"embeddable":true,"href":"https:\/\/www.egemtv.com\/index.php?rest_route=\/wp\/v2\/media\/39175"}],"wp:attachment":[{"href":"https:\/\/www.egemtv.com\/index.php?rest_route=%2Fwp%2Fv2%2Fmedia&parent=39174"}],"wp:term":[{"taxonomy":"category","embeddable":true,"href":"https:\/\/www.egemtv.com\/index.php?rest_route=%2Fwp%2Fv2%2Fcategories&post=39174"},{"taxonomy":"post_tag","embeddable":true,"href":"https:\/\/www.egemtv.com\/index.php?rest_route=%2Fwp%2Fv2%2Ftags&post=39174"}],"curies":[{"name":"wp","href":"https:\/\/api.w.org\/{rel}","templated":true}]}}