{"id":39171,"date":"2025-07-01T14:16:29","date_gmt":"2025-07-01T11:16:29","guid":{"rendered":"https:\/\/www.egemtv.com\/?p=39171"},"modified":"2025-07-01T14:16:34","modified_gmt":"2025-07-01T11:16:34","slug":"kirsal-mahallelerdeki-kadinlara-temel-ilkyardim-egitimi","status":"publish","type":"post","link":"https:\/\/www.egemtv.com\/?p=39171","title":{"rendered":"K\u0131rsal mahallelerdeki kad\u0131nlara temel ilkyard\u0131m e\u011fitimi"},"content":{"rendered":"<p>Manisa Kad\u0131n \u0130\u00e7in Giri\u015fim Derne\u011fi koordinasyonunda &#8220;G\u00fc\u00e7l\u00fc Kad\u0131n G\u00fc\u00e7l\u00fc Toplum&#8221; projesi kapsam\u0131nda Manisa\u2019n\u0131n k\u0131rsal b\u00f6lgelerinde ya\u015fayan kad\u0131nlara temel ilk yard\u0131m ve afet bilinci e\u011fitimleri verildi.<br \/>\n<br \/>Manisa Kad\u0131n \u0130\u00e7in Giri\u015fim Derne\u011finin haz\u0131rlad\u0131\u011f\u0131 \u0130\u00e7 \u0130\u015fleri Bakanl\u0131\u011f\u0131 Sivil Toplumla \u0130li\u015fkiler Genel M\u00fcd\u00fcrl\u00fc\u011f\u00fc taraf\u0131ndan hibelenen &#8220;G\u00fc\u00e7l\u00fc Kad\u0131n G\u00fc\u00e7l\u00fc Toplum&#8221; projesinin son faaliyeti Yunusemre Davutlar Mahallesi ilk\u00f6\u011fretim okulu bah\u00e7esinde yap\u0131ld\u0131. Temel ilk yard\u0131m ve afet bilinci hakk\u0131nda teorik ve pratik e\u011fitimler verilen projede K\u0131rsalda ya\u015fayan kad\u0131nlar\u0131n bilin\u00e7lendirilmesi hedeflendi. Manisa AFAD, Manisa Celal Bayar \u00dcniversitesi (MCB\u00dc) Sa\u011fl\u0131k Bilimleri Fak\u00fcltesi\u2019nin de destek verdi\u011fi projede Yunusemre Maldan, Pelitalan, \u00dc\u00e7p\u0131nar, Sarma mahallelerinden faaliyetlere kat\u0131lan kad\u0131nlara MCB\u00dc Sa\u011fl\u0131k Bilimleri Fak\u00fcltesi Akademisyenleri Prof. Dr. Emel Y\u0131lmaz, Dr. \u00d6\u011fretim \u00dcyesi Senan Mutlu, Dr. \u00d6\u011fretim \u00dcyesi H\u00fclya K\u0131z\u0131l To\u011fa\u00e7 taraf\u0131ndan temel ilk yard\u0131m bilinci e\u011fitimi ve Do\u00e7. Dr. \u015eeyda Y\u0131ld\u0131r\u0131m taraf\u0131ndan aile i\u00e7i ileti\u015fim semineri verildi.<br \/>\n<br \/>Manisa AFAD E\u011fitmeni Meral \u00d6ztop taraf\u0131ndan Afet Bilinci E\u011fitimi verilen kad\u0131nlara faaliyet sonunda a\u00e7\u0131k hava sinemas\u0131 g\u00f6sterimi yap\u0131ld\u0131. Patlam\u0131\u015f m\u0131s\u0131r ve gazoz ile aile i\u00e7i ileti\u015fim seminerinde anlat\u0131lan konuyla ilgili bir sinema filmi izletildi. AFAD \u0130l M\u00fcd\u00fcr\u00fc Osman P\u0131ht\u0131l\u0131 7\u2019den 70\u2019e toplumun her kesiminde afetlere haz\u0131rl\u0131k e\u011fitimleri vermeyi s\u00fcrd\u00fcreceklerini s\u00f6yledi.<br \/>\n<br \/>&#8220;G\u00fc\u00e7l\u00fc Kad\u0131n, G\u00fc\u00e7l\u00fc Toplum&#8221; projesi Davutlar mahallesinde yap\u0131lan e\u011fitimle son buldu. Kad\u0131n \u0130\u00e7in Giri\u015fim Derne\u011fini Ba\u015fkan\u0131 G\u00f6zde G\u00fcrb\u00fcz ile AFAD \u0130l M\u00fcd\u00fcr\u00fc Osman P\u0131ht\u0131l\u0131\u2019n\u0131n da kat\u0131ld\u0131\u011f\u0131 faaliyette MCB\u00dc Sa\u011fl\u0131k Bilimleri Fak\u00fcltesi Akademisyenleri Prof. Dr. Emel Y\u0131lmaz, Dr. \u00d6\u011fretim \u00dcyesi Senan Mutlu, Dr. \u00d6\u011fretim \u00dcyesi H\u00fclya K\u0131z\u0131l To\u011fa\u00e7 taraf\u0131ndan temel ilk yard\u0131m bilinci e\u011fitimi ve Do\u00e7. Dr. \u015eeyda Y\u0131ld\u0131r\u0131m taraf\u0131ndan Aile \u0130\u00e7i \u0130leti\u015fim Semineri verildi. AFAD E\u011fitmeni Meral \u00d6ztop taraf\u0131ndan ise Afet Bilinci E\u011fitimi verildi.<br \/>\n<br \/>AFAD \u0130l M\u00fcd\u00fcr\u00fc Osman P\u0131ht\u0131l\u0131 7\u2019den 70\u2019e toplumun her kesiminde afetlere haz\u0131rl\u0131k e\u011fitimleri vermeyi s\u00fcrd\u00fcrd\u00fcklerini belirterek &#8220;Bu projeyi i\u00e7 i\u015fleri bakanl\u0131\u011f\u0131n\u0131n deste\u011fi ile yap\u0131yoruz. Proje orta\u011f\u0131m\u0131z MCB\u00dc Sa\u011fl\u0131k Bilimleri Fak\u00fcltesi. Yuntda\u011f\u0131 b\u00f6lgesinde bulunan k\u0131rsal kesimdeki k\u00f6yl\u00fc kad\u0131nlar\u0131m\u0131za afet fark\u0131ndal\u0131k e\u011fitimleri ve sa\u011fl\u0131kla ilgili ilk yard\u0131m e\u011fitimleri verip, k\u0131rsal kesimde bir m\u00fcdahale gerektiren bir olay oldu\u011funda m\u00fcdahale ekipleri gelinceye kadar en az\u0131ndan kendi hayatlar\u0131n\u0131, \u00e7ocuklar\u0131n\u0131n hayatlar\u0131n\u0131, yak\u0131nlar\u0131n\u0131n hayatlar\u0131n\u0131 kurtarabilecek \u015fekilde e\u011fitimler veriyoruz&#8221; diye konu\u015ftu.<\/p>\n<p>&#8220;Kad\u0131nlar\u0131n neler yapabilece\u011fini \u00f6\u011fretmeye \u00e7al\u0131\u015ft\u0131k&#8221;<br \/>\n<br \/>MCB\u00dc Sa\u011fl\u0131k Bilimleri Fak\u00fcltesi Cerrahi Hastal\u0131klar\u0131 Hem\u015fireli\u011fi Ana Bilim Dal\u0131 \u00d6\u011fretim \u00dcyesi Prof. Dr. Emel Y\u0131lmaz proje hakk\u0131nda &#8220;\u00d6zellikle yabanc\u0131 cisim aspirasyonlar\u0131nda, bo\u011faz\u0131na herhangi bir \u015fey ka\u00e7t\u0131\u011f\u0131nda nas\u0131l m\u00fcdahale edece\u011fiz, daha sonra kalp masaj\u0131nda ilk dakikadan itibaren ambulans gelene kadar nas\u0131l bir m\u00fcdahale yapaca\u011f\u0131m\u0131z\u0131 \u00f6\u011fretmeye \u00e7al\u0131\u015faca\u011f\u0131z. \u00d6zellikle sa\u011fl\u0131\u011fa eri\u015fimi daha k\u0131s\u0131tl\u0131 kad\u0131nlar\u0131 bilin\u00e7lendirmeyi, g\u00fc\u00e7lendirmeyi ama\u00e7l\u0131yoruz&#8221; diye konu\u015ftu.<\/p>\n<p>&#8220;Temel ya\u015fam deste\u011fini sa\u011flamalar\u0131n\u0131 \u00f6\u011fretece\u011fiz&#8221;<br \/>\n<br \/>MCB\u00dc Sa\u011fl\u0131k Bilimleri Fak\u00fcltesi Cerrahi Hastal\u0131klar\u0131 Hem\u015fireli\u011fi Ana Bilim Dal\u0131 \u00d6\u011fretim \u00dcyesi Dr. Sanem Mutlu ise &#8220;Biz bu projenin e\u011fitim aya\u011f\u0131nday\u0131z. \u00dcniversitedeki hocalar\u0131m\u0131zla birlikte buradaki kad\u0131nlar\u0131n bilin\u00e7lenmesi amac\u0131yla ba\u015flar\u0131na herhangi bir olay geldi\u011finde temel ya\u015fam deste\u011fini sa\u011flamalar\u0131n\u0131 \u00f6\u011fretece\u011fiz. Daha sonras\u0131nda ambulans gelesiye kadar yapmas\u0131 gerekenler neler, ne gibi ilk m\u00fcdahaleler yap\u0131labilir. Ki\u015finin hayatta kalabilmesi i\u00e7in ne m\u00fcdahaleler yap\u0131l\u0131r, bunlar\u0131 anlataca\u011f\u0131z&#8221; dedi.<br \/>\n<br \/>Kad\u0131nlar\u0131n aile i\u00e7i ileti\u015fimde de g\u00fc\u00e7lenmesini sa\u011flamay\u0131 hedeflediklerini s\u00f6yleyen MCB\u00dc Sa\u011fl\u0131k Bilimleri Fak\u00fcltesi Sosyal Hizmet B\u00f6l\u00fcm\u00fc \u00d6\u011fretim \u00dcyesi Do\u00e7. Dr. \u015eeyda Y\u0131ld\u0131r\u0131m &#8220;Aile i\u00e7i ileti\u015fim bizim i\u00e7in \u00e7ok \u00f6nemli bir konu \u00e7\u00fcnk\u00fc aile toplumun temel yap\u0131 ta\u015f\u0131. Biz t\u00fcm ileti\u015fim dinamiklerimizi bu ailenin i\u00e7erisinde \u00f6\u011freniyoruz. Temelini buradan al\u0131yoruz, buradan ileti\u015fimi do\u011fru bir \u015fekilde \u00f6\u011frenirsek bunu hayat\u0131m\u0131za aktarabiliyoruz ve toplumsal ya\u015fam\u0131m\u0131za bakt\u0131\u011f\u0131m\u0131zda asl\u0131nda sorunlar\u0131m\u0131z\u0131n \u00f6nemli bir k\u0131sm\u0131n\u0131n ileti\u015fim \u00e7at\u0131\u015fmalar\u0131n\u0131 do\u011fru \u00e7\u00f6zememeyle ili\u015fkili oldu\u011funu g\u00f6r\u00fcyoruz. Bug\u00fcn burada bu k\u00f6y\u00fcn sakinleriyle aile i\u00e7i ileti\u015fimi konu\u015fuyor olaca\u011f\u0131z.&#8221; ifadelerini kulland\u0131.<\/p>\n<p>&#8220;Kad\u0131nlar\u0131m\u0131z bu projeyle birlikte bilin\u00e7leniyor&#8221;<br \/>\n<br \/>Projeye kendi mahallesinin de dahil edilmesinden memnuniyet duyan Davutlar Mahalle Muhtar\u0131 Fatih \u00c7alg\u0131n &#8220;\u0130lk yard\u0131m \u00e7ok \u00f6nemli, mahalle halk\u0131m\u0131z kad\u0131nlar\u0131m\u0131z bu projeyle birlikte bilin\u00e7leniyor. G\u00f6r\u00fcyoruz, ba\u015f\u0131m\u0131za geliyor, bo\u011faz\u0131na bir \u015fey ka\u00e7\u0131yor. Kad\u0131nlar\u0131m\u0131z bilin\u00e7li olmad\u0131\u011f\u0131nda maalesef evlatlar\u0131m\u0131z\u0131 bile kaybedebiliriz. O y\u00fczden ilk yard\u0131m bizim i\u00e7in \u00e7ok \u00f6nem arz ediyor. Bu program\u0131n da mahallemizde olmas\u0131ndan dolay\u0131 gurur duyuyorum, eme\u011fi ge\u00e7en herkese te\u015fekk\u00fcr ederim.&#8221; diye konu\u015ftu.<br \/><\/p>\n","protected":false},"excerpt":{"rendered":"<p>Manisa Kad\u0131n \u0130\u00e7in Giri\u015fim Derne\u011fi koordinasyonunda &#8220;G\u00fc\u00e7l\u00fc Kad\u0131n G\u00fc\u00e7l\u00fc Toplum&#8221; projesi kapsam\u0131nda Manisa\u2019n\u0131n k\u0131rsal b\u00f6lgelerinde ya\u015fayan kad\u0131nlara temel ilk yard\u0131m ve afet bilinci e\u011fitimleri verildi. Manisa Kad\u0131n \u0130\u00e7in Giri\u015fim Derne\u011finin haz\u0131rlad\u0131\u011f\u0131 \u0130\u00e7 \u0130\u015fleri Bakanl\u0131\u011f\u0131 Sivil Toplumla \u0130li\u015fkiler Genel M\u00fcd\u00fcrl\u00fc\u011f\u00fc taraf\u0131ndan hibelenen &#8220;G\u00fc\u00e7l\u00fc Kad\u0131n G\u00fc\u00e7l\u00fc Toplum&#8221; projesinin son faaliyeti Yunusemre Davutlar Mahallesi ilk\u00f6\u011fretim okulu bah\u00e7esinde yap\u0131ld\u0131&#8230;.<\/p>\n","protected":false},"author":1,"featured_media":39172,"comment_status":"open","ping_status":"open","sticky":false,"template":"","format":"standard","meta":{"_crdt_document":"","footnotes":""},"categories":[1],"tags":[],"class_list":["post-39171","post","type-post","status-publish","format-standard","has-post-thumbnail","hentry","category-guncel"],"_links":{"self":[{"href":"https:\/\/www.egemtv.com\/index.php?rest_route=\/wp\/v2\/posts\/39171","targetHints":{"allow":["GET"]}}],"collection":[{"href":"https:\/\/www.egemtv.com\/index.php?rest_route=\/wp\/v2\/posts"}],"about":[{"href":"https:\/\/www.egemtv.com\/index.php?rest_route=\/wp\/v2\/types\/post"}],"author":[{"embeddable":true,"href":"https:\/\/www.egemtv.com\/index.php?rest_route=\/wp\/v2\/users\/1"}],"replies":[{"embeddable":true,"href":"https:\/\/www.egemtv.com\/index.php?rest_route=%2Fwp%2Fv2%2Fcomments&post=39171"}],"version-history":[{"count":1,"href":"https:\/\/www.egemtv.com\/index.php?rest_route=\/wp\/v2\/posts\/39171\/revisions"}],"predecessor-version":[{"id":39173,"href":"https:\/\/www.egemtv.com\/index.php?rest_route=\/wp\/v2\/posts\/39171\/revisions\/39173"}],"wp:featuredmedia":[{"embeddable":true,"href":"https:\/\/www.egemtv.com\/index.php?rest_route=\/wp\/v2\/media\/39172"}],"wp:attachment":[{"href":"https:\/\/www.egemtv.com\/index.php?rest_route=%2Fwp%2Fv2%2Fmedia&parent=39171"}],"wp:term":[{"taxonomy":"category","embeddable":true,"href":"https:\/\/www.egemtv.com\/index.php?rest_route=%2Fwp%2Fv2%2Fcategories&post=39171"},{"taxonomy":"post_tag","embeddable":true,"href":"https:\/\/www.egemtv.com\/index.php?rest_route=%2Fwp%2Fv2%2Ftags&post=39171"}],"curies":[{"name":"wp","href":"https:\/\/api.w.org\/{rel}","templated":true}]}}