{"id":39168,"date":"2025-07-01T14:16:20","date_gmt":"2025-07-01T11:16:20","guid":{"rendered":"https:\/\/www.egemtv.com\/?p=39168"},"modified":"2025-07-01T14:16:29","modified_gmt":"2025-07-01T11:16:29","slug":"baskan-zor-kocatepeyi-butun-genclerimiz-gelip-gormeli","status":"publish","type":"post","link":"https:\/\/www.egemtv.com\/?p=39168","title":{"rendered":"Ba\u015fkan Zor: &#8220;Kocatepe\u2019yi b\u00fct\u00fcn gen\u00e7lerimiz gelip, g\u00f6rmeli&#8221;"},"content":{"rendered":"<p>Anadolu Bas\u0131n Birli\u011fi Genel Ba\u015fkan\u0131 Mehmet Bora Zor ve beraberindeki \u00fcyeler Atat\u00fcrk\u2019\u00fcn B\u00fcy\u00fck Taarruz\u2019un emrini verdi\u011fi Kocatepe\u2019yi ziyaret ederken, Zor burada yapt\u0131\u011f\u0131 konu\u015fmada Kocatepe\u2019yi gelece\u011fin teminat\u0131 olan t\u00fcm gen\u00e7lerin gelip, g\u00f6rmesi gerekti\u011fini ifade etti.<br \/>\n<br \/>Anadolu Bas\u0131n Birli\u011finin Afyonkarahisar \u015eubesinin a\u00e7\u0131l\u0131\u015f\u0131 ve kongresine kat\u0131lan Genel Ba\u015fkan Mehmet Bora Zor,  Genel Ba\u015fkan Yard\u0131mc\u0131s\u0131 Tar\u0131k Bak\u0131r, Afyonkarahisar \u015eube Ba\u015fkan\u0131 Ahmet Sarl\u0131k y\u00f6netim kurulu \u00fcyeleri \u00d6mer Maz\u0131 ve Ertu\u011frul Kalafat ile birlikte   Ulu \u00d6nder Mustafa Kemal Atat\u00fcrk\u2019\u00fcn B\u00fcy\u00fck Taarruz\u2019u ba\u015flatt\u0131\u011f\u0131 Kocatepe\u2019ye \u00e7\u0131karak Atat\u00fcrk An\u0131t\u0131nda sayg\u0131 duru\u015funda bulunup, \u00fcyelerle birlikte \u015fehitler i\u00e7in dua etti.<br \/>\n<br \/>ABB Ba\u015fkan\u0131 Mehmet Bora Zor, Kocatepe\u2019nin T\u00fcrk tarihindeki \u00f6nemine dikkat \u00e7ekerek, &#8220;Kocatepe\u2019nin T\u00fcrkiye Cumhuriyeti tarihinde \u00e7ok \u00f6nemli yeri vard\u0131r. Buraya g\u00fcn\u00fcm\u00fczde son model ara\u00e7lar\u0131n  g\u00fc\u00e7l\u00fckle \u00e7\u0131kt\u0131\u011f\u0131n\u0131 g\u00f6r\u00fcyoruz.  U\u00e7ak ve asker say\u0131m\u0131z\u0131n az oldu\u011fu d\u00f6nemde buraya geceleri ayaklar\u0131nda \u00e7ar\u0131klarla y\u00fcr\u00fcyerek ka\u011fn\u0131larla top ve silah m\u00fchimmatlar\u0131n\u0131 s\u0131rtlar\u0131nda  \u00e7\u0131kartan merhum \u015fehitlerimiz T\u00fcrk\u00fcn esir hayat\u0131 ya\u015famayaca\u011f\u0131n\u0131 vatan\u0131 i\u00e7in  can\u0131n\u0131 seve seve verece\u011fini d\u00fc\u015fman kuvvetlerine kar\u015f\u0131 koydu\u011fu m\u00fccadele ile g\u00f6stermi\u015ftir. Atat\u00fcrk\u2019\u00fcn Kocatepe\u2019den ba\u015flatt\u0131\u011f\u0131 b\u00fcy\u00fck taarruz 30 A\u011fustos Dumlup\u0131nar Zaferi ile sonu\u00e7lanm\u0131\u015ft\u0131r. Kocatepe\u2019yi gen\u00e7lerimize iyi anlatmal\u0131y\u0131z. Buraya T\u00fcrkiye\u2019nin her yerinden \u00c7anakkale\u2019ye d\u00fczenlenen okul gezileri gibi geziler d\u00fczenleyerek Tarihimizi gelece\u011fin teminat\u0131 olan gen\u00e7lerimize anlatmal\u0131y\u0131z&#8221; dedi.<br \/><\/p>\n","protected":false},"excerpt":{"rendered":"<p>Anadolu Bas\u0131n Birli\u011fi Genel Ba\u015fkan\u0131 Mehmet Bora Zor ve beraberindeki \u00fcyeler Atat\u00fcrk\u2019\u00fcn B\u00fcy\u00fck Taarruz\u2019un emrini verdi\u011fi Kocatepe\u2019yi ziyaret ederken, Zor burada yapt\u0131\u011f\u0131 konu\u015fmada Kocatepe\u2019yi gelece\u011fin teminat\u0131 olan t\u00fcm gen\u00e7lerin gelip, g\u00f6rmesi gerekti\u011fini ifade etti. Anadolu Bas\u0131n Birli\u011finin Afyonkarahisar \u015eubesinin a\u00e7\u0131l\u0131\u015f\u0131 ve kongresine kat\u0131lan Genel Ba\u015fkan Mehmet Bora Zor, Genel Ba\u015fkan Yard\u0131mc\u0131s\u0131 Tar\u0131k Bak\u0131r, Afyonkarahisar \u015eube&#8230;<\/p>\n","protected":false},"author":1,"featured_media":39169,"comment_status":"open","ping_status":"open","sticky":false,"template":"","format":"standard","meta":{"_crdt_document":"","footnotes":""},"categories":[1],"tags":[],"class_list":["post-39168","post","type-post","status-publish","format-standard","has-post-thumbnail","hentry","category-guncel"],"_links":{"self":[{"href":"https:\/\/www.egemtv.com\/index.php?rest_route=\/wp\/v2\/posts\/39168","targetHints":{"allow":["GET"]}}],"collection":[{"href":"https:\/\/www.egemtv.com\/index.php?rest_route=\/wp\/v2\/posts"}],"about":[{"href":"https:\/\/www.egemtv.com\/index.php?rest_route=\/wp\/v2\/types\/post"}],"author":[{"embeddable":true,"href":"https:\/\/www.egemtv.com\/index.php?rest_route=\/wp\/v2\/users\/1"}],"replies":[{"embeddable":true,"href":"https:\/\/www.egemtv.com\/index.php?rest_route=%2Fwp%2Fv2%2Fcomments&post=39168"}],"version-history":[{"count":1,"href":"https:\/\/www.egemtv.com\/index.php?rest_route=\/wp\/v2\/posts\/39168\/revisions"}],"predecessor-version":[{"id":39170,"href":"https:\/\/www.egemtv.com\/index.php?rest_route=\/wp\/v2\/posts\/39168\/revisions\/39170"}],"wp:featuredmedia":[{"embeddable":true,"href":"https:\/\/www.egemtv.com\/index.php?rest_route=\/wp\/v2\/media\/39169"}],"wp:attachment":[{"href":"https:\/\/www.egemtv.com\/index.php?rest_route=%2Fwp%2Fv2%2Fmedia&parent=39168"}],"wp:term":[{"taxonomy":"category","embeddable":true,"href":"https:\/\/www.egemtv.com\/index.php?rest_route=%2Fwp%2Fv2%2Fcategories&post=39168"},{"taxonomy":"post_tag","embeddable":true,"href":"https:\/\/www.egemtv.com\/index.php?rest_route=%2Fwp%2Fv2%2Ftags&post=39168"}],"curies":[{"name":"wp","href":"https:\/\/api.w.org\/{rel}","templated":true}]}}