{"id":39165,"date":"2025-07-01T13:55:00","date_gmt":"2025-07-01T10:55:00","guid":{"rendered":"https:\/\/www.egemtv.com\/?p=39165"},"modified":"2025-07-01T13:55:04","modified_gmt":"2025-07-01T10:55:04","slug":"kutahya-ogretmen-akademileri-kapanis-programi-coskuyla-tamamlandi","status":"publish","type":"post","link":"https:\/\/www.egemtv.com\/?p=39165","title":{"rendered":"K\u00fctahya \u00d6\u011fretmen Akademileri kapan\u0131\u015f program\u0131 co\u015fkuyla tamamland\u0131"},"content":{"rendered":"<p>K\u00fctahya \u00d6\u011fretmen Akademileri\u2019nin kapan\u0131\u015f program\u0131, Milli E\u011fitim Bakanl\u0131\u011f\u0131 koordinasyonunda Tav\u015fanl\u0131 \u0130l\u00e7e Milli E\u011fitim M\u00fcd\u00fcrl\u00fc\u011f\u00fc taraf\u0131ndan d\u00fczenlendi.<br \/>\n<br \/>Program, Tav\u015fanl\u0131 K\u0131z\u0131lay Kona\u011f\u0131\u2019nda co\u015fkulu bir kat\u0131l\u0131mla ger\u00e7ekle\u015ftirildi. Kapan\u0131\u015f t\u00f6renine Adalet Komisyon Ba\u015fkan\u0131 Osman Turan, Tav\u015fanl\u0131 \u0130l\u00e7e Milli E\u011fitim M\u00fcd\u00fcr\u00fc Ra\u015fit Refik K\u00fc\u00e7\u00fckka\u011fn\u0131c\u0131, \u0130l\u00e7e Milli E\u011fitim \u015eube M\u00fcd\u00fcrleri, akademiye katk\u0131 sa\u011flayan \u00f6\u011fretmenler ve de\u011ferli payda\u015flar kat\u0131ld\u0131.<br \/>\n<br \/>Program, \u0130l\u00e7e Milli E\u011fitim M\u00fcd\u00fcr\u00fc Ra\u015fit Refik K\u00fc\u00e7\u00fckka\u011fn\u0131c\u0131\u2019n\u0131n a\u00e7\u0131l\u0131\u015f konu\u015fmas\u0131yla ba\u015flad\u0131. K\u00fc\u00e7\u00fckka\u011fn\u0131c\u0131, konu\u015fmas\u0131nda \u00f6\u011fretmen akademilerinin il\u00e7e e\u011fitim camias\u0131 i\u00e7in \u00f6nemini vurgularken, kat\u0131l\u0131m sa\u011flayan t\u00fcm \u00f6\u011fretmenlere ve katk\u0131 sunan payda\u015flara te\u015fekk\u00fcrlerini iletti. Kapan\u0131\u015f program\u0131nda d\u00fczenlenen \u00e7e\u015fitli yar\u0131\u015fmalar izleyicilere keyifli anlar ya\u015fat\u0131rken, Tav\u015fanl\u0131 Belediyesi T\u00fcrk Halk M\u00fczi\u011fi Ekibi\u2019nin sahne performans\u0131 geceye m\u00fczikal bir renk katt\u0131.<br \/>\n<br \/>Akademi s\u00fcrecine at\u00f6lyeleriyle de\u011fer katan Somut Olmayan K\u00fclt\u00fcrel Miras Ta\u015f\u0131y\u0131c\u0131s\u0131 \u00d6mer \u015eavl\u0131 ve Deri \u0130\u015fleme Ustas\u0131 Hasan H\u00fcseyin Karatepe\u2019ye te\u015fekk\u00fcr plaketleri takdim edildi. Programa kat\u0131lan \u00f6\u011fretmenlere de kat\u0131l\u0131m belgeleri verilerek emeklerine te\u015fekk\u00fcr edildi.<br \/>\n<br \/>\u00d6\u011fretmenlerin birlik ve dayan\u0131\u015fma i\u00e7inde ge\u00e7irdi\u011fi bu anlaml\u0131 gece, alk\u0131\u015flar ve g\u00fczel temennilerle sona erdi.<br \/><\/p>\n","protected":false},"excerpt":{"rendered":"<p>K\u00fctahya \u00d6\u011fretmen Akademileri\u2019nin kapan\u0131\u015f program\u0131, Milli E\u011fitim Bakanl\u0131\u011f\u0131 koordinasyonunda Tav\u015fanl\u0131 \u0130l\u00e7e Milli E\u011fitim M\u00fcd\u00fcrl\u00fc\u011f\u00fc taraf\u0131ndan d\u00fczenlendi. Program, Tav\u015fanl\u0131 K\u0131z\u0131lay Kona\u011f\u0131\u2019nda co\u015fkulu bir kat\u0131l\u0131mla ger\u00e7ekle\u015ftirildi. Kapan\u0131\u015f t\u00f6renine Adalet Komisyon Ba\u015fkan\u0131 Osman Turan, Tav\u015fanl\u0131 \u0130l\u00e7e Milli E\u011fitim M\u00fcd\u00fcr\u00fc Ra\u015fit Refik K\u00fc\u00e7\u00fckka\u011fn\u0131c\u0131, \u0130l\u00e7e Milli E\u011fitim \u015eube M\u00fcd\u00fcrleri, akademiye katk\u0131 sa\u011flayan \u00f6\u011fretmenler ve de\u011ferli payda\u015flar kat\u0131ld\u0131. Program, \u0130l\u00e7e Milli&#8230;<\/p>\n","protected":false},"author":1,"featured_media":39166,"comment_status":"open","ping_status":"open","sticky":false,"template":"","format":"standard","meta":{"_crdt_document":"","footnotes":""},"categories":[1],"tags":[],"class_list":["post-39165","post","type-post","status-publish","format-standard","has-post-thumbnail","hentry","category-guncel"],"_links":{"self":[{"href":"https:\/\/www.egemtv.com\/index.php?rest_route=\/wp\/v2\/posts\/39165","targetHints":{"allow":["GET"]}}],"collection":[{"href":"https:\/\/www.egemtv.com\/index.php?rest_route=\/wp\/v2\/posts"}],"about":[{"href":"https:\/\/www.egemtv.com\/index.php?rest_route=\/wp\/v2\/types\/post"}],"author":[{"embeddable":true,"href":"https:\/\/www.egemtv.com\/index.php?rest_route=\/wp\/v2\/users\/1"}],"replies":[{"embeddable":true,"href":"https:\/\/www.egemtv.com\/index.php?rest_route=%2Fwp%2Fv2%2Fcomments&post=39165"}],"version-history":[{"count":1,"href":"https:\/\/www.egemtv.com\/index.php?rest_route=\/wp\/v2\/posts\/39165\/revisions"}],"predecessor-version":[{"id":39167,"href":"https:\/\/www.egemtv.com\/index.php?rest_route=\/wp\/v2\/posts\/39165\/revisions\/39167"}],"wp:featuredmedia":[{"embeddable":true,"href":"https:\/\/www.egemtv.com\/index.php?rest_route=\/wp\/v2\/media\/39166"}],"wp:attachment":[{"href":"https:\/\/www.egemtv.com\/index.php?rest_route=%2Fwp%2Fv2%2Fmedia&parent=39165"}],"wp:term":[{"taxonomy":"category","embeddable":true,"href":"https:\/\/www.egemtv.com\/index.php?rest_route=%2Fwp%2Fv2%2Fcategories&post=39165"},{"taxonomy":"post_tag","embeddable":true,"href":"https:\/\/www.egemtv.com\/index.php?rest_route=%2Fwp%2Fv2%2Ftags&post=39165"}],"curies":[{"name":"wp","href":"https:\/\/api.w.org\/{rel}","templated":true}]}}