{"id":39162,"date":"2025-07-01T13:54:56","date_gmt":"2025-07-01T10:54:56","guid":{"rendered":"https:\/\/www.egemtv.com\/?p=39162"},"modified":"2025-07-01T13:55:00","modified_gmt":"2025-07-01T10:55:00","slug":"buca-yanginina-takviye-yapildi-calismalar-iyiye-gidiyor","status":"publish","type":"post","link":"https:\/\/www.egemtv.com\/?p=39162","title":{"rendered":"Buca yang\u0131n\u0131na takviye yap\u0131ld\u0131, \u00e7al\u0131\u015fmalar iyiye gidiyor"},"content":{"rendered":"<p>\u0130zmir\u2019in Menderes ve Seferihisar il\u00e7elerinde alevlerle m\u00fccadele s\u00fcrerken, Buca il\u00e7esinde de ormanl\u0131k alanda ba\u015flayan yang\u0131na havadan ve karadan m\u00fcdahale edildi. Hava ve kara ara\u00e7lar\u0131na takviye yap\u0131lmas\u0131n\u0131n ard\u0131ndan \u00e7al\u0131\u015fmalar\u0131n iyiye gitti\u011fi \u00f6\u011frenildi.<br \/>\n<br \/>Yang\u0131n saat 12.09 s\u0131ralar\u0131nda Zafer Mahallesi\u2019nde bulunan ormanl\u0131k alanda hen\u00fcz bilinmeyen bir sebeple \u00e7\u0131kt\u0131. Saat 12.21\u2019de \u0130zmir Orman B\u00f6lge M\u00fcd\u00fcrl\u00fc\u011f\u00fc ekipleri alevlere, havadan; 2 u\u00e7ak ve 2 helikopter ile karadan; 6 araz\u00f6z, 3 su ikmal, 2 dozer ile m\u00fcdahaleye ba\u015flad\u0131. Daha sonra ekiplere takviye yap\u0131larak m\u00fcdahale 2 u\u00e7ak, 5 helikopter, 15 araz\u00f6z, 6 su ikmal ve 2 dozer ile devam ettirildi.<br \/>\n<br \/>\u00c7al\u0131\u015fmalar\u0131n iyiye gitti\u011fi yang\u0131n\u0131 kontrol alt\u0131na alma \u00e7al\u0131\u015fmalar\u0131 s\u00fcr\u00fcyor.<br \/><\/p>\n","protected":false},"excerpt":{"rendered":"<p>\u0130zmir\u2019in Menderes ve Seferihisar il\u00e7elerinde alevlerle m\u00fccadele s\u00fcrerken, Buca il\u00e7esinde de ormanl\u0131k alanda ba\u015flayan yang\u0131na havadan ve karadan m\u00fcdahale edildi. Hava ve kara ara\u00e7lar\u0131na takviye yap\u0131lmas\u0131n\u0131n ard\u0131ndan \u00e7al\u0131\u015fmalar\u0131n iyiye gitti\u011fi \u00f6\u011frenildi. Yang\u0131n saat 12.09 s\u0131ralar\u0131nda Zafer Mahallesi\u2019nde bulunan ormanl\u0131k alanda hen\u00fcz bilinmeyen bir sebeple \u00e7\u0131kt\u0131. Saat 12.21\u2019de \u0130zmir Orman B\u00f6lge M\u00fcd\u00fcrl\u00fc\u011f\u00fc ekipleri alevlere, havadan; 2&#8230;<\/p>\n","protected":false},"author":1,"featured_media":39163,"comment_status":"open","ping_status":"open","sticky":false,"template":"","format":"standard","meta":{"_crdt_document":"","footnotes":""},"categories":[5],"tags":[],"class_list":["post-39162","post","type-post","status-publish","format-standard","has-post-thumbnail","hentry","category-asayis"],"_links":{"self":[{"href":"https:\/\/www.egemtv.com\/index.php?rest_route=\/wp\/v2\/posts\/39162","targetHints":{"allow":["GET"]}}],"collection":[{"href":"https:\/\/www.egemtv.com\/index.php?rest_route=\/wp\/v2\/posts"}],"about":[{"href":"https:\/\/www.egemtv.com\/index.php?rest_route=\/wp\/v2\/types\/post"}],"author":[{"embeddable":true,"href":"https:\/\/www.egemtv.com\/index.php?rest_route=\/wp\/v2\/users\/1"}],"replies":[{"embeddable":true,"href":"https:\/\/www.egemtv.com\/index.php?rest_route=%2Fwp%2Fv2%2Fcomments&post=39162"}],"version-history":[{"count":1,"href":"https:\/\/www.egemtv.com\/index.php?rest_route=\/wp\/v2\/posts\/39162\/revisions"}],"predecessor-version":[{"id":39164,"href":"https:\/\/www.egemtv.com\/index.php?rest_route=\/wp\/v2\/posts\/39162\/revisions\/39164"}],"wp:featuredmedia":[{"embeddable":true,"href":"https:\/\/www.egemtv.com\/index.php?rest_route=\/wp\/v2\/media\/39163"}],"wp:attachment":[{"href":"https:\/\/www.egemtv.com\/index.php?rest_route=%2Fwp%2Fv2%2Fmedia&parent=39162"}],"wp:term":[{"taxonomy":"category","embeddable":true,"href":"https:\/\/www.egemtv.com\/index.php?rest_route=%2Fwp%2Fv2%2Fcategories&post=39162"},{"taxonomy":"post_tag","embeddable":true,"href":"https:\/\/www.egemtv.com\/index.php?rest_route=%2Fwp%2Fv2%2Ftags&post=39162"}],"curies":[{"name":"wp","href":"https:\/\/api.w.org\/{rel}","templated":true}]}}