{"id":39159,"date":"2025-07-01T13:36:22","date_gmt":"2025-07-01T10:36:22","guid":{"rendered":"https:\/\/www.egemtv.com\/?p=39159"},"modified":"2025-07-01T13:36:30","modified_gmt":"2025-07-01T10:36:30","slug":"babalar-gununde-tenis-turnuvasi-sona-erdi","status":"publish","type":"post","link":"https:\/\/www.egemtv.com\/?p=39159","title":{"rendered":"Babalar G\u00fcn\u00fc\u2019nde Tenis turnuvas\u0131 sona erdi"},"content":{"rendered":"<p>Mu\u011fla B\u00fcy\u00fck\u015fehir Belediyesi taraf\u0131ndan d\u00fczenlenen 4. Geleneksel Babalar G\u00fcn\u00fc Tenis Turnuvas\u0131 Dalaman\u2019da yap\u0131ld\u0131. Turnuvaya Ortaca, Dalaman, Fethiye, Seydikemer ve Mente\u015fe il\u00e7elerinden aileler kat\u0131ld\u0131. Geleneksel Babalar G\u00fcn\u00fc Tenis Turnuvas\u0131nda Berkant Erden birinci olurken, Ramazan \u00d6zer ikinci ve Ali \u015eener \u00fc\u00e7\u00fcnc\u00fc oldu. Turnuvaya kat\u0131lan babalara turnuva sonunda an\u0131 madalyas\u0131 takdim edildi.<br \/>\n<br \/>K\u0131y\u0131 Ege Belediyeler Birli\u011fi ve Mu\u011fla B\u00fcy\u00fck\u015fehir Belediye Ba\u015fkan\u0131 Ahmet Aras &#8220;Babalar G\u00fcn\u00fc gibi \u00f6zel bir g\u00fcnde, sa\u011fl\u0131kl\u0131 ya\u015fam\u0131 te\u015fvik eden bir spor etkinli\u011fiyle vatanda\u015flar\u0131m\u0131z\u0131 bir araya getirmekten b\u00fcy\u00fck mutluluk duyuyoruz. Turnuvaya kat\u0131lan t\u00fcm babalar\u0131m\u0131za, seyircilerimize ve organizasyonda eme\u011fi ge\u00e7en herkese te\u015fekk\u00fcr ediyorum. Sporun birle\u015ftirici g\u00fcc\u00fcne inan\u0131yoruz. Bu t\u00fcr etkinliklerimizi 13 il\u00e7emizde yayg\u0131nla\u015ft\u0131rmaya devam edece\u011fiz.&#8221;<br \/><\/p>\n","protected":false},"excerpt":{"rendered":"<p>Mu\u011fla B\u00fcy\u00fck\u015fehir Belediyesi taraf\u0131ndan d\u00fczenlenen 4. Geleneksel Babalar G\u00fcn\u00fc Tenis Turnuvas\u0131 Dalaman\u2019da yap\u0131ld\u0131. Turnuvaya Ortaca, Dalaman, Fethiye, Seydikemer ve Mente\u015fe il\u00e7elerinden aileler kat\u0131ld\u0131. Geleneksel Babalar G\u00fcn\u00fc Tenis Turnuvas\u0131nda Berkant Erden birinci olurken, Ramazan \u00d6zer ikinci ve Ali \u015eener \u00fc\u00e7\u00fcnc\u00fc oldu. Turnuvaya kat\u0131lan babalara turnuva sonunda an\u0131 madalyas\u0131 takdim edildi. K\u0131y\u0131 Ege Belediyeler Birli\u011fi ve Mu\u011fla&#8230;<\/p>\n","protected":false},"author":1,"featured_media":39160,"comment_status":"open","ping_status":"open","sticky":false,"template":"","format":"standard","meta":{"_crdt_document":"","footnotes":""},"categories":[4],"tags":[],"class_list":["post-39159","post","type-post","status-publish","format-standard","has-post-thumbnail","hentry","category-spor"],"_links":{"self":[{"href":"https:\/\/www.egemtv.com\/index.php?rest_route=\/wp\/v2\/posts\/39159","targetHints":{"allow":["GET"]}}],"collection":[{"href":"https:\/\/www.egemtv.com\/index.php?rest_route=\/wp\/v2\/posts"}],"about":[{"href":"https:\/\/www.egemtv.com\/index.php?rest_route=\/wp\/v2\/types\/post"}],"author":[{"embeddable":true,"href":"https:\/\/www.egemtv.com\/index.php?rest_route=\/wp\/v2\/users\/1"}],"replies":[{"embeddable":true,"href":"https:\/\/www.egemtv.com\/index.php?rest_route=%2Fwp%2Fv2%2Fcomments&post=39159"}],"version-history":[{"count":1,"href":"https:\/\/www.egemtv.com\/index.php?rest_route=\/wp\/v2\/posts\/39159\/revisions"}],"predecessor-version":[{"id":39161,"href":"https:\/\/www.egemtv.com\/index.php?rest_route=\/wp\/v2\/posts\/39159\/revisions\/39161"}],"wp:featuredmedia":[{"embeddable":true,"href":"https:\/\/www.egemtv.com\/index.php?rest_route=\/wp\/v2\/media\/39160"}],"wp:attachment":[{"href":"https:\/\/www.egemtv.com\/index.php?rest_route=%2Fwp%2Fv2%2Fmedia&parent=39159"}],"wp:term":[{"taxonomy":"category","embeddable":true,"href":"https:\/\/www.egemtv.com\/index.php?rest_route=%2Fwp%2Fv2%2Fcategories&post=39159"},{"taxonomy":"post_tag","embeddable":true,"href":"https:\/\/www.egemtv.com\/index.php?rest_route=%2Fwp%2Fv2%2Ftags&post=39159"}],"curies":[{"name":"wp","href":"https:\/\/api.w.org\/{rel}","templated":true}]}}