{"id":39156,"date":"2025-07-01T13:36:17","date_gmt":"2025-07-01T10:36:17","guid":{"rendered":"https:\/\/www.egemtv.com\/?p=39156"},"modified":"2025-07-01T13:36:22","modified_gmt":"2025-07-01T10:36:22","slug":"izmirdeki-yanginda-85-yazlik-ev-kule-dondu","status":"publish","type":"post","link":"https:\/\/www.egemtv.com\/?p=39156","title":{"rendered":"\u0130zmir\u2019deki yang\u0131nda 85 yazl\u0131k ev k\u00fcle d\u00f6nd\u00fc"},"content":{"rendered":"<p>\u0130zmir\u2019in Menderes ve Seferihisar il\u00e7eleri aras\u0131nda pazar g\u00fcn\u00fc \u00e7\u0131kan orman yang\u0131n\u0131, r\u00fczgar\u0131n etkisiyle k\u0131sa s\u00fcrede b\u00fcy\u00fcyerek yerle\u015fim alanlar\u0131na s\u0131\u00e7rad\u0131. Alevlerin etkili oldu\u011fu b\u00f6lgelerden biri olan Do\u011fankent Sitesi\u2019nde bulunan 85 ev tamamen yanarak kullan\u0131lamaz hale geldi.<br \/>\n<br \/>\u0130zmir\u2019in Menderes ve Seferihisar il\u00e7elerinde \u00e7\u0131kan orman yang\u0131nlar\u0131, r\u00fczgar\u0131n etkisiyle h\u0131zla yay\u0131larak yerle\u015fim alanlar\u0131na s\u0131\u00e7rad\u0131. Yang\u0131ndan en \u00e7ok etkilenen b\u00f6lgelerden biri de Seferihisar il\u00e7esindeki Do\u011fankent Sitesi oldu. Yakla\u015f\u0131k 350 hanenin bulundu\u011fu sitede, alevler k\u0131sa s\u00fcrede bir\u00e7ok yap\u0131y\u0131 etkisi alt\u0131na ald\u0131. \u0130lk belirlemelere g\u00f6re 85 hane tamamen yanarak kullan\u0131lamaz hale gelirken site i\u00e7erisindeki \u00e7ok say\u0131da ara\u00e7 da yang\u0131nda hasar g\u00f6rd\u00fc. Sitedeki yang\u0131n\u0131n kontrol alt\u0131na al\u0131nmas\u0131n\u0131n ard\u0131ndan b\u00f6lgede hasar tespit \u00e7al\u0131\u015fmalar\u0131 ba\u015flat\u0131ld\u0131. Ekipler, zarar g\u00f6ren konut ve ara\u00e7lar\u0131n durumunu belirlemek \u00fczere sahada \u00e7al\u0131\u015fmalar\u0131n\u0131 s\u00fcrd\u00fcr\u00fcyor.<\/p>\n<p>Site alevlere teslim oldu<br \/>\n<br \/>Yang\u0131nda evinin ufak \u00e7apl\u0131 bir hasar ald\u0131\u011f\u0131n\u0131 s\u00f6yleyen ev sahibi Ali R\u0131za Yapar, &#8220;Yang\u0131n\u0131n ba\u015flang\u0131\u00e7 noktas\u0131 sitenin A taraf\u0131yd\u0131. Orada makilik ve a\u011fa\u00e7l\u0131k bir alan var. Yang\u0131n, oradan ba\u015flayarak bizim bulundu\u011fumuz B taraf\u0131na, vadiyi takip ederek r\u00fczgar\u0131n etkisiyle ula\u015ft\u0131. \u00d6nce birka\u00e7 ev, sonra bizim biti\u015fi\u011fimizdeki ev yand\u0131. Bizim evin de k\u00fc\u00e7\u00fck bir b\u00f6l\u00fcm\u00fc hasar g\u00f6rd\u00fc. Bizden sonraki iki ev tamamen kullan\u0131lamaz hale geldi. Hemen biti\u015fi\u011findeki ev ise b\u00fcy\u00fck hasar ald\u0131. Yang\u0131nla birlikte duman yo\u011funla\u015ft\u0131. Bu esnada siteyi terk edenler oldu. Biz de saat 16.00 gibi siteden ayr\u0131ld\u0131k. Yo\u011fun duman\u0131n i\u00e7inde, \u00f6zel g\u00fcvenlik g\u00f6revlileriyle birlikte yakla\u015f\u0131k 1 kilometrelik bir mesafeyi kat ettik. Adeta sisin de\u011fil, duman\u0131n i\u00e7inden ge\u00e7tik. Daha sonra g\u00f6r\u00fc\u015f a\u00e7\u0131ld\u0131 ve uzakla\u015ft\u0131k. \u015eu an sitede yakla\u015f\u0131k 350 hane bulunuyor. Yang\u0131nda 85 ev tamamen kullan\u0131lamaz hale geldi. Ayr\u0131ca 30-40 kadar ev de k\u0131smen zarar g\u00f6rd\u00fc&#8221; dedi.<\/p>\n<p>Hasar b\u00fcy\u00fck<br \/>\n<br \/>Ba\u015fka bir sitede oturan ve akrabas\u0131 Ali R\u0131za Yapar\u2019\u0131n evini kontrole geldi\u011fini s\u00f6yleyen Mustafa Koydeniz ise &#8220;Gece saat 01.30 s\u0131ralar\u0131yd\u0131. Saat 02.00\u2019ye kadar telefon mesajlar\u0131yla buralardan bilgi ald\u0131k. &#8220;Do\u011fankent Sitesi 16 B7 ve 16 numara da yananlar aras\u0131nda&#8221; deyince insanlar \u00e7\u00f6k\u00fcyor tabii. Yak\u0131n\u0131n\u0131z\u0131n evi sonu\u00e7ta. A\u00e7\u0131k\u00e7as\u0131 buraya bir k\u00fcl y\u0131\u011f\u0131n\u0131 g\u00f6rmeye geldik. Sabah saat 6\u2019da erkenden kalkt\u0131k. Ama bakt\u0131k \u015fu arkadaki ev kom\u015fumuzun evi, yani biti\u015fik olan yanm\u0131\u015f. Bizimkisi sa\u011flam. \u00c7at\u0131da y\u00fczde 10 civar\u0131nda hasar var. \u0130\u015fte buna seviniyorsunuz ama kom\u015funuza \u00fcz\u00fcl\u00fcyorsunuz. Hayat b\u00f6yle bir \u015fey. Allah zarar g\u00f6renlere sab\u0131r versin. Bir daha da b\u00f6yle bir \u015feyi g\u00f6rmeyi nasip etmesin&#8221; ifadelerini kulland\u0131.<br \/><\/p>\n","protected":false},"excerpt":{"rendered":"<p>\u0130zmir\u2019in Menderes ve Seferihisar il\u00e7eleri aras\u0131nda pazar g\u00fcn\u00fc \u00e7\u0131kan orman yang\u0131n\u0131, r\u00fczgar\u0131n etkisiyle k\u0131sa s\u00fcrede b\u00fcy\u00fcyerek yerle\u015fim alanlar\u0131na s\u0131\u00e7rad\u0131. Alevlerin etkili oldu\u011fu b\u00f6lgelerden biri olan Do\u011fankent Sitesi\u2019nde bulunan 85 ev tamamen yanarak kullan\u0131lamaz hale geldi. \u0130zmir\u2019in Menderes ve Seferihisar il\u00e7elerinde \u00e7\u0131kan orman yang\u0131nlar\u0131, r\u00fczgar\u0131n etkisiyle h\u0131zla yay\u0131larak yerle\u015fim alanlar\u0131na s\u0131\u00e7rad\u0131. Yang\u0131ndan en \u00e7ok etkilenen b\u00f6lgelerden&#8230;<\/p>\n","protected":false},"author":1,"featured_media":39157,"comment_status":"open","ping_status":"open","sticky":false,"template":"","format":"standard","meta":{"_crdt_document":"","footnotes":""},"categories":[5],"tags":[],"class_list":["post-39156","post","type-post","status-publish","format-standard","has-post-thumbnail","hentry","category-asayis"],"_links":{"self":[{"href":"https:\/\/www.egemtv.com\/index.php?rest_route=\/wp\/v2\/posts\/39156","targetHints":{"allow":["GET"]}}],"collection":[{"href":"https:\/\/www.egemtv.com\/index.php?rest_route=\/wp\/v2\/posts"}],"about":[{"href":"https:\/\/www.egemtv.com\/index.php?rest_route=\/wp\/v2\/types\/post"}],"author":[{"embeddable":true,"href":"https:\/\/www.egemtv.com\/index.php?rest_route=\/wp\/v2\/users\/1"}],"replies":[{"embeddable":true,"href":"https:\/\/www.egemtv.com\/index.php?rest_route=%2Fwp%2Fv2%2Fcomments&post=39156"}],"version-history":[{"count":1,"href":"https:\/\/www.egemtv.com\/index.php?rest_route=\/wp\/v2\/posts\/39156\/revisions"}],"predecessor-version":[{"id":39158,"href":"https:\/\/www.egemtv.com\/index.php?rest_route=\/wp\/v2\/posts\/39156\/revisions\/39158"}],"wp:featuredmedia":[{"embeddable":true,"href":"https:\/\/www.egemtv.com\/index.php?rest_route=\/wp\/v2\/media\/39157"}],"wp:attachment":[{"href":"https:\/\/www.egemtv.com\/index.php?rest_route=%2Fwp%2Fv2%2Fmedia&parent=39156"}],"wp:term":[{"taxonomy":"category","embeddable":true,"href":"https:\/\/www.egemtv.com\/index.php?rest_route=%2Fwp%2Fv2%2Fcategories&post=39156"},{"taxonomy":"post_tag","embeddable":true,"href":"https:\/\/www.egemtv.com\/index.php?rest_route=%2Fwp%2Fv2%2Ftags&post=39156"}],"curies":[{"name":"wp","href":"https:\/\/api.w.org\/{rel}","templated":true}]}}