{"id":39153,"date":"2025-07-01T13:36:12","date_gmt":"2025-07-01T10:36:12","guid":{"rendered":"https:\/\/www.egemtv.com\/?p=39153"},"modified":"2025-07-01T13:36:17","modified_gmt":"2025-07-01T10:36:17","slug":"buyuksehir-okculari-turkiye-sampiyonu","status":"publish","type":"post","link":"https:\/\/www.egemtv.com\/?p=39153","title":{"rendered":"B\u00fcy\u00fck\u015fehir Ok\u00e7ular\u0131 T\u00fcrkiye \u015fampiyonu"},"content":{"rendered":"<p>Mu\u011fla B\u00fcy\u00fck\u015fehir Belediyesi sporcular\u0131, D\u00fczce\u2019de d\u00fczenlenen 2025 ASES U21-U18-U15 T\u00fcrkiye \u015eampiyonas\u0131\u2019nda b\u00fcy\u00fck bir ba\u015far\u0131ya imza att\u0131. 49 farkl\u0131 b\u00f6lgeden Bin 371 sporcunun kat\u0131l\u0131m\u0131yla ger\u00e7ekle\u015fen organizasyonda, Mu\u011fla B\u00fcy\u00fck\u015fehir Belediyesi ad\u0131na yar\u0131\u015fan Meleknur K\u00fc\u00e7\u00fck, Eflal Duru Kaya ve Nilsu Akp\u0131nar\u2019dan olu\u015fan 15 ya\u015f alt\u0131 makaral\u0131 yay k\u0131z tak\u0131m\u0131 T\u00fcrkiye \u015eampiyonu oldu.<br \/>\n<br \/>Eflal Duru Kaya\u2019dan T\u00fcrkiye rekoru<br \/>\n<br \/>Mu\u011fla B\u00fcy\u00fck\u015fehir Belediyesi sporcusu Eflal Duru Kaya, \u015fampiyonada bireysel anlamda tarih yazd\u0131. S\u0131ralama at\u0131\u015flar\u0131nda g\u00f6sterdi\u011fi \u00fcst\u00fcn performansla daha \u00f6nce 686 puan olan T\u00fcrkiye rekorunu 695 puana ta\u015f\u0131yan Kaya, \u015fampiyona tarihine ge\u00e7ti. Elde etti\u011fi bu sonu\u00e7la s\u0131ralamay\u0131 birinci tamamlayan gen\u00e7 sporcu, hem tak\u0131m\u0131na hem de bireysel kariyerine \u00f6nemli bir ba\u015far\u0131 ekledi.<br \/>\n<br \/>Ba\u015fkan Aras\u2019tan kutlama<br \/>\n<br \/>K\u0131y\u0131 Ege Belediyeler Birli\u011fi ve Mu\u011fla B\u00fcy\u00fck\u015fehir Belediye Ba\u015fkan\u0131 Ahmet Aras, D\u00fczce\u2019deki \u015fampiyonada T\u00fcrkiye \u015fampiyonu olan sporcular\u0131 ve antren\u00f6rlerini kutlad\u0131. Ba\u015fkan Aras  &#8220;D\u00fczce\u2019de d\u00fczenlenen 2025 T\u00fcrkiye Ok\u00e7uluk \u015eampiyonas\u0131\u2019nda T\u00fcrkiye \u015eampiyonu olan 15 ya\u015f alt\u0131 makaral\u0131 yay k\u0131z tak\u0131m\u0131m\u0131z\u0131 kutluyorum. Ayn\u0131 \u015fampiyonada s\u0131ralama at\u0131\u015flar\u0131nda T\u00fcrkiye rekoru k\u0131ran Eflal Duru Kaya\u2019y\u0131 da g\u00f6n\u00fclden tebrik ediyorum. Bu ba\u015far\u0131da eme\u011fi ge\u00e7en, sporcular\u0131m\u0131z\u0131 yeti\u015ftiren, Mu\u011fla\u2019m\u0131z\u0131n ad\u0131n\u0131 T\u00fcrkiye\u2019de ve Avrupa\u2019da duyuran antren\u00f6r\u00fcm\u00fcz Ejder S\u00f6zen\u2019e te\u015fekk\u00fcr ediyorum. Gen\u00e7lerimizin elde etti\u011fi bu ba\u015far\u0131lar, spora verdi\u011fimiz deste\u011fin ne kadar do\u011fru bir yat\u0131r\u0131m oldu\u011funu g\u00f6steriyor&#8221; dedi.<br \/><\/p>\n","protected":false},"excerpt":{"rendered":"<p>Mu\u011fla B\u00fcy\u00fck\u015fehir Belediyesi sporcular\u0131, D\u00fczce\u2019de d\u00fczenlenen 2025 ASES U21-U18-U15 T\u00fcrkiye \u015eampiyonas\u0131\u2019nda b\u00fcy\u00fck bir ba\u015far\u0131ya imza att\u0131. 49 farkl\u0131 b\u00f6lgeden Bin 371 sporcunun kat\u0131l\u0131m\u0131yla ger\u00e7ekle\u015fen organizasyonda, Mu\u011fla B\u00fcy\u00fck\u015fehir Belediyesi ad\u0131na yar\u0131\u015fan Meleknur K\u00fc\u00e7\u00fck, Eflal Duru Kaya ve Nilsu Akp\u0131nar\u2019dan olu\u015fan 15 ya\u015f alt\u0131 makaral\u0131 yay k\u0131z tak\u0131m\u0131 T\u00fcrkiye \u015eampiyonu oldu. Eflal Duru Kaya\u2019dan T\u00fcrkiye rekoru Mu\u011fla&#8230;<\/p>\n","protected":false},"author":1,"featured_media":39154,"comment_status":"open","ping_status":"open","sticky":false,"template":"","format":"standard","meta":{"_crdt_document":"","footnotes":""},"categories":[4],"tags":[],"class_list":["post-39153","post","type-post","status-publish","format-standard","has-post-thumbnail","hentry","category-spor"],"_links":{"self":[{"href":"https:\/\/www.egemtv.com\/index.php?rest_route=\/wp\/v2\/posts\/39153","targetHints":{"allow":["GET"]}}],"collection":[{"href":"https:\/\/www.egemtv.com\/index.php?rest_route=\/wp\/v2\/posts"}],"about":[{"href":"https:\/\/www.egemtv.com\/index.php?rest_route=\/wp\/v2\/types\/post"}],"author":[{"embeddable":true,"href":"https:\/\/www.egemtv.com\/index.php?rest_route=\/wp\/v2\/users\/1"}],"replies":[{"embeddable":true,"href":"https:\/\/www.egemtv.com\/index.php?rest_route=%2Fwp%2Fv2%2Fcomments&post=39153"}],"version-history":[{"count":1,"href":"https:\/\/www.egemtv.com\/index.php?rest_route=\/wp\/v2\/posts\/39153\/revisions"}],"predecessor-version":[{"id":39155,"href":"https:\/\/www.egemtv.com\/index.php?rest_route=\/wp\/v2\/posts\/39153\/revisions\/39155"}],"wp:featuredmedia":[{"embeddable":true,"href":"https:\/\/www.egemtv.com\/index.php?rest_route=\/wp\/v2\/media\/39154"}],"wp:attachment":[{"href":"https:\/\/www.egemtv.com\/index.php?rest_route=%2Fwp%2Fv2%2Fmedia&parent=39153"}],"wp:term":[{"taxonomy":"category","embeddable":true,"href":"https:\/\/www.egemtv.com\/index.php?rest_route=%2Fwp%2Fv2%2Fcategories&post=39153"},{"taxonomy":"post_tag","embeddable":true,"href":"https:\/\/www.egemtv.com\/index.php?rest_route=%2Fwp%2Fv2%2Ftags&post=39153"}],"curies":[{"name":"wp","href":"https:\/\/api.w.org\/{rel}","templated":true}]}}