{"id":39150,"date":"2025-07-01T13:36:08","date_gmt":"2025-07-01T10:36:08","guid":{"rendered":"https:\/\/www.egemtv.com\/?p=39150"},"modified":"2025-07-01T13:36:12","modified_gmt":"2025-07-01T10:36:12","slug":"kizilcaboluk-festivalinde-50-kazan-keskek-vatandaslara-dagitildi","status":"publish","type":"post","link":"https:\/\/www.egemtv.com\/?p=39150","title":{"rendered":"K\u0131z\u0131lcab\u00f6l\u00fck Festivalinde 50 kazan ke\u015fkek vatanda\u015flara da\u011f\u0131t\u0131ld\u0131"},"content":{"rendered":"<p>29. K\u0131z\u0131lcab\u00f6l\u00fck K\u00fclt\u00fcr Sanat ve Moda Festivali \u2018Bir Tabak \u0130ki Ka\u015f\u0131k\u2019 etkinli\u011fi kapsam\u0131nda sabah erken saatlerde yap\u0131lmaya ba\u015flayan 50 kazan ke\u015fkek vatanda\u015flara da\u011f\u0131t\u0131ld\u0131. Ke\u015fkek hayr\u0131ndan sonra gece sahneye \u00e7\u0131kan \u00fcnl\u00fc sanat\u00e7\u0131 Ece Mumay Tavasl\u0131 vatanda\u015flara e\u011flence dolu anlar ya\u015fatt\u0131.<\/p>\n<p>Tavas Belediyesi ve K\u0131z\u0131lcab\u00f6l\u00fckl\u00fcler Vakf\u0131 i\u015fbirli\u011fi ile d\u00fczenlenen 29. K\u0131z\u0131lcab\u00f6l\u00fck K\u00fclt\u00fcr Sanat ve Moda Festivali e\u011flence dolu 3 g\u00fcn\u00fcn ard\u0131ndan ke\u015fkek hayr\u0131 ve Ece Mumay Konseriyle son buldu. Festival kapsam\u0131nda \u2018Bir Tabak \u0130ki Ka\u015f\u0131k\u2019 ismiyle d\u00fczenlenen ke\u015fkek hayr\u0131nda 50 tane kazanda ke\u015fkek pi\u015firildi. \u00c7evre \u015fehirlerden ve Denizli\u2019nin \u00e7e\u015fitli il\u00e7elerinden yo\u011fun kat\u0131l\u0131mla ger\u00e7ekle\u015fen hayr\u0131 Ahmet Sami Uslu Mesire alan\u0131nda yap\u0131ld\u0131. Aileler a\u00e7\u0131k havada hem kahvalt\u0131 yapt\u0131 hem de keyifli vakit ge\u00e7idi.<\/p>\n<p>Ke\u015fkek hayr\u0131n\u0131n ak\u015fam\u0131nda d\u00fczenlenen festivalin son etkinli\u011finde Ece Mumay K\u0131z\u0131lcab\u00f6l\u00fckl\u00fc ve Tavasl\u0131 vatanda\u015flarla bulu\u015farak unutulmaz bir gece ya\u015fatt\u0131. Konser, Tavas Belediye Ba\u015fkan\u0131 Kadir Tat\u0131k, Beya\u011fa\u00e7 Belediye Ba\u015fkan\u0131 Sezayi P\u00fct\u00fcn, K\u0131z\u0131lcab\u00f6l\u00fckl\u00fcler Vakf\u0131 Osman Erkli ve vatanda\u015flar kat\u0131ld\u0131.<\/p>\n<p>Muhte\u015fem eserleri seslendirerek K\u0131z\u0131lcab\u00f6l\u00fck\u2019\u00fc e\u011flenceye bo\u011fan Ece Mumay\u2019a Plaket taktim eden Tavas Belediye Ba\u015fkan\u0131 Kadir Tat\u0131k, &#8220;29. K\u0131z\u0131lcab\u00f6l\u00fck K\u00fclt\u00fcr, Sanat, Tekstil ve Moda Festivalimizin son gecesinde sahne alan Ece Mumay, enerjisi ve sevilen \u015fark\u0131lar\u0131yla meydan\u0131 dolduran vatanda\u015flar\u0131m\u0131za unutulmaz anlar ya\u015fatt\u0131. Bu g\u00fczel organizasyonun ger\u00e7ekle\u015fmesinde eme\u011fi ge\u00e7en herkese, sahnede bizlerle olan sanat\u00e7\u0131lar\u0131m\u0131za, katk\u0131 sunan t\u00fcm payda\u015flar\u0131m\u0131za ve festival boyunca yan\u0131m\u0131zda olan k\u0131ymetli hem\u015fehrilerimize y\u00fcrekten te\u015fekk\u00fcr ederiz. Nice festivallerde yeniden bulu\u015fmak dile\u011fiyle&#8221; dedi.<br \/><\/p>\n","protected":false},"excerpt":{"rendered":"<p>29. K\u0131z\u0131lcab\u00f6l\u00fck K\u00fclt\u00fcr Sanat ve Moda Festivali \u2018Bir Tabak \u0130ki Ka\u015f\u0131k\u2019 etkinli\u011fi kapsam\u0131nda sabah erken saatlerde yap\u0131lmaya ba\u015flayan 50 kazan ke\u015fkek vatanda\u015flara da\u011f\u0131t\u0131ld\u0131. Ke\u015fkek hayr\u0131ndan sonra gece sahneye \u00e7\u0131kan \u00fcnl\u00fc sanat\u00e7\u0131 Ece Mumay Tavasl\u0131 vatanda\u015flara e\u011flence dolu anlar ya\u015fatt\u0131. Tavas Belediyesi ve K\u0131z\u0131lcab\u00f6l\u00fckl\u00fcler Vakf\u0131 i\u015fbirli\u011fi ile d\u00fczenlenen 29. K\u0131z\u0131lcab\u00f6l\u00fck K\u00fclt\u00fcr Sanat ve Moda Festivali e\u011flence&#8230;<\/p>\n","protected":false},"author":1,"featured_media":39151,"comment_status":"open","ping_status":"open","sticky":false,"template":"","format":"standard","meta":{"_crdt_document":"","footnotes":""},"categories":[1],"tags":[],"class_list":["post-39150","post","type-post","status-publish","format-standard","has-post-thumbnail","hentry","category-guncel"],"_links":{"self":[{"href":"https:\/\/www.egemtv.com\/index.php?rest_route=\/wp\/v2\/posts\/39150","targetHints":{"allow":["GET"]}}],"collection":[{"href":"https:\/\/www.egemtv.com\/index.php?rest_route=\/wp\/v2\/posts"}],"about":[{"href":"https:\/\/www.egemtv.com\/index.php?rest_route=\/wp\/v2\/types\/post"}],"author":[{"embeddable":true,"href":"https:\/\/www.egemtv.com\/index.php?rest_route=\/wp\/v2\/users\/1"}],"replies":[{"embeddable":true,"href":"https:\/\/www.egemtv.com\/index.php?rest_route=%2Fwp%2Fv2%2Fcomments&post=39150"}],"version-history":[{"count":1,"href":"https:\/\/www.egemtv.com\/index.php?rest_route=\/wp\/v2\/posts\/39150\/revisions"}],"predecessor-version":[{"id":39152,"href":"https:\/\/www.egemtv.com\/index.php?rest_route=\/wp\/v2\/posts\/39150\/revisions\/39152"}],"wp:featuredmedia":[{"embeddable":true,"href":"https:\/\/www.egemtv.com\/index.php?rest_route=\/wp\/v2\/media\/39151"}],"wp:attachment":[{"href":"https:\/\/www.egemtv.com\/index.php?rest_route=%2Fwp%2Fv2%2Fmedia&parent=39150"}],"wp:term":[{"taxonomy":"category","embeddable":true,"href":"https:\/\/www.egemtv.com\/index.php?rest_route=%2Fwp%2Fv2%2Fcategories&post=39150"},{"taxonomy":"post_tag","embeddable":true,"href":"https:\/\/www.egemtv.com\/index.php?rest_route=%2Fwp%2Fv2%2Ftags&post=39150"}],"curies":[{"name":"wp","href":"https:\/\/api.w.org\/{rel}","templated":true}]}}