{"id":39144,"date":"2025-07-01T13:16:44","date_gmt":"2025-07-01T10:16:44","guid":{"rendered":"https:\/\/www.egemtv.com\/?p=39144"},"modified":"2025-07-01T13:16:49","modified_gmt":"2025-07-01T10:16:49","slug":"bakan-yumakli-yanginlarda-dune-gore-cok-iyiyiz","status":"publish","type":"post","link":"https:\/\/www.egemtv.com\/?p=39144","title":{"rendered":"Bakan Yumakl\u0131: &#8220;Yang\u0131nlarda d\u00fcne g\u00f6re \u00e7ok iyiyiz&#8221;"},"content":{"rendered":"<p>Tar\u0131m ve Orman Bakan\u0131 \u0130brahim Yumakl\u0131, Orman B\u00f6lge M\u00fcd\u00fcrl\u00fc\u011f\u00fc\u2019nde yang\u0131nlar ile ilgili a\u00e7\u0131klamalarda bulundu. Bakan Yumakl\u0131, cuma g\u00fcn\u00fcnden bu yana \u00fclke genelinde ciddiyeti y\u00fcksek 342 yang\u0131n \u00e7\u0131kt\u0131\u011f\u0131n\u0131 ve 6 yang\u0131n\u0131n ise devam etti\u011fini s\u00f6yledi. \u0130zmir ve Manisa\u2019daki yang\u0131nlarla ilgili de a\u00e7\u0131klama yapan Bakan Yumakl\u0131, \u0130zmir\u2019deki yang\u0131nda durumun iyiye gitti\u011fini, Manisa\u2019daki yang\u0131nlarda ise Ahmetli yang\u0131n\u0131nda alevlerin geni\u015fledi\u011fini di\u011fer il\u00e7elerdeki yang\u0131nlarda yine durumun iyiye seyretti\u011fini s\u00f6yledi.<br \/>\n<br \/>Tar\u0131m ve Orman Bakan\u0131 \u0130brahim Yumakl\u0131, \u0130zmir Orman B\u00f6lge M\u00fcd\u00fcrl\u00fc\u011f\u00fcnde \u00fclke genelinde devam eden yang\u0131nlarla ilgili a\u00e7\u0131klama yapt\u0131. \u0130zmir Valisi S\u00fcleyman Elban\u2019\u0131n da bulundu\u011fu a\u00e7\u0131klamada konu\u015fan Bakan Yumakl\u0131, \u00fclke genelinde cuma g\u00fcn\u00fcnden bu yana 342 ciddi yang\u0131n\u0131n \u00e7\u0131kt\u0131\u011f\u0131n\u0131 ve \u015fu anda 6 yang\u0131n\u0131n devam etti\u011fini s\u00f6yledi. Bakan Yumakl\u0131, yang\u0131nlar hakk\u0131nda son durum de\u011ferlendirmesi de yaparken vatanda\u015flara da uyar\u0131larda bulundu.<\/p>\n<p>\u0130zmir ve Manisa\u2019dan iyi haberler<br \/>\n<br \/>\u0130zmir ve Manisa\u2019da devam eden yang\u0131nlar\u0131 kontrol alma \u00e7al\u0131\u015fmalar\u0131n\u0131n iyiye gitti\u011fini s\u00f6yleyen Bakan Yumakl\u0131, Manisa Ahmetli yang\u0131n\u0131n\u0131n geni\u015f bir alana yay\u0131ld\u0131\u011f\u0131n\u0131, di\u011fer yang\u0131nlarda d\u00fcne g\u00f6re iyi durumda olduklar\u0131n\u0131 belirtti. Yumakl\u0131, &#8220;Kar\u015f\u0131yaka Yang\u0131n Y\u00f6netim Merkezimizden hem Manisa\u2019daki yang\u0131nlar\u0131, hem \u0130zmir Seferihisar ve Menderes yang\u0131nlar\u0131n\u0131, hem de Hatay ve Adana\u2019daki yang\u0131nlar\u0131 buradan takip ettik. Arkada\u015flar\u0131m\u0131z bizleri oralardan anbean bilgilendirdiler. T\u00fcrkiye genelinde cuma g\u00fcn\u00fcnden bu yana, irili ufakl\u0131 olanlar\u0131 saym\u0131yorum, toplamda ciddiyeti y\u00fcksek olan 342 yang\u0131n \u00e7\u0131kt\u0131. D\u00fcn son a\u00e7\u0131klamam\u0131zdan sonra Adana Kozan\u2019daki yang\u0131nla ilgili iyi haber verebiliriz demi\u015ftik. Hamdolsun, onu kontrol alt\u0131na ald\u0131k. \u015eu anda devam eden yang\u0131nlar \u015funlard\u0131r: Manisa Akhisar, Manisa Kula, Manisa Ahmetli, \u0130zmir Seferihisar, \u0130zmir Menderes ve Hatay Antakya. Bu alt\u0131 yang\u0131n h\u00e2len s\u00fcrmektedir. \u0130zmir Seferihisar ve Menderes yang\u0131nlar\u0131nda olduk\u00e7a rahatlad\u0131k. Yani, burada d\u00fcnden \u00e7ok daha iyi durumday\u0131z. Arkada\u015flar\u0131m\u0131z hem so\u011futma \u00e7al\u0131\u015fmalar\u0131n\u0131 s\u00fcrd\u00fcr\u00fcyor, hem de ani \u00e7\u0131kan r\u00fczg\u00e2r de\u011fi\u015fimlerine kar\u015f\u0131 an\u0131nda m\u00fcdahalede bulunarak yang\u0131n\u0131n tekrar b\u00fcy\u00fcmesini engelliyorlar. Manisa\u2019da devam eden yang\u0131nlarda da, \u00f6zellikle Akhisar\u2019da, d\u00fcnden \u00e7ok daha iyi bir durumday\u0131z. Kula\u2019da da yine \u00e7ok daha iyi durumday\u0131z. Her iki b\u00f6lgede de, yani Akhisar ve Kula\u2019da iyi haberler verece\u011fimizi umuyorum. Ahmetli yang\u0131n\u0131 biraz daha geni\u015f bir alana yay\u0131ld\u0131 ve \u00e7ok h\u0131zl\u0131 ilerledi. Orada kanyonlar ve u\u00e7urumlar var. Ancak arkada\u015flar\u0131m\u0131z hem \u0130zmir\u2019de hem Manisa\u2019da gece boyu ciddi m\u00fcdahalelerle yang\u0131n\u0131n etkisini b\u00fcy\u00fck \u00f6l\u00e7\u00fcde d\u00fc\u015f\u00fcrd\u00fcler. Akhisar\u2019daki yang\u0131n bir vadinin i\u00e7ine s\u0131k\u0131\u015ft\u0131. Ahmetli\u2019de ise yang\u0131n\u0131n y\u00fczde 90\u2019\u0131 itibariyle \u00e7evresi kontrol alt\u0131na al\u0131nd\u0131. Kula\u2019daki yang\u0131ndan da bahsetmi\u015ftim. \u0130n\u015fallah Akhisar ve Kula ile ilgili iyi haberler verece\u011fiz&#8221; dedi.<\/p>\n<p>Hatay en zor durumdaki il<br \/>\n<br \/>\u00dclkedeki orman yang\u0131nlar\u0131 konusunda en s\u0131k\u0131nt\u0131l\u0131 ilin Hatay oldu\u011funu s\u00f6yleyen Bakan Yumakl\u0131, &#8220;D\u00fcn ya\u015fanan yo\u011fun r\u00fczg\u00e2r s\u0131ras\u0131nda, burada g\u00f6rev yapan pilotlar\u0131m\u0131z ola\u011fan\u00fcst\u00fc bir \u00e7aba sarf etti. Kendilerine te\u015fekk\u00fcr ediyorum. Zaman zaman risk alarak m\u00fcdahalelerde bulundular. Bug\u00fcn sabah\u0131n ilk \u0131\u015f\u0131klar\u0131yla birlikte, r\u00fczg\u00e2r\u0131n d\u00fcnk\u00fcne g\u00f6re daha iyi olmas\u0131 nedeniyle, hem kara hem hava ekipleri t\u00fcm g\u00fc\u00e7leriyle yo\u011funla\u015fm\u0131\u015f durumdalar. Hatay-Antakya \u015fu anda en zor durumdaki ilimiz. Buradaki karars\u0131z ve sert r\u00fczg\u00e2r nedeniyle zaman zaman zor anlar ya\u015f\u0131yoruz. B\u00f6lgede 7 helikopter ve 60 araz\u00f6z g\u00f6rev yap\u0131yor. Ayr\u0131ca gece boyunca gelen takviyeler de bu m\u00fccadeleye destek sa\u011flad\u0131&#8221; diye konu\u015ftu.<\/p>\n<p>&#8220;Hi\u00e7 yorulmayan, uyumayan bir d\u00fc\u015fman&#8221;<br \/>\n<br \/>Bakan Yumakl\u0131, &#8220;D\u00fcn de s\u00f6yledi\u011fimiz gibi, bu bir cephe sava\u015f\u0131. Kar\u015f\u0131n\u0131zda hi\u00e7 yorulmayan, uyumayan, dinlenmeyen bir d\u00fc\u015fmana kar\u015f\u0131 m\u00fccadele ediyorsunuz. O bir cephe a\u00e7\u0131yor, siz de hem o cephenin gidece\u011fi y\u00f6n\u00fc hem de mevcut durumu tahmin ederek savunman\u0131z\u0131 olu\u015fturuyorsunuz. Bu tam anlam\u0131yla bir sava\u015f usul\u00fc. R\u00fczg\u00e2r\u0131n karars\u0131z esmesi zaman zaman planlar\u0131m\u0131z\u0131 bozabiliyor. Bu durumda yeni bir cephe olu\u015fturuyoruz ve m\u00fccadele bu \u015fekilde devam ediyor. Orman Genel M\u00fcd\u00fcrl\u00fc\u011f\u00fc\u2019n\u00fcn t\u00fcm ekipleri, ge\u00e7ti\u011fimiz y\u0131l\u0131n Ekim ay\u0131ndan itibaren T\u00fcrkiye\u2019deki b\u00fct\u00fcn k\u00f6ylere araz\u00f6zleriyle ula\u015ft\u0131. Yang\u0131n \u00e7\u0131kt\u0131\u011f\u0131nda ya\u015fanacak problemler ve yap\u0131lmas\u0131 gerekenler, bro\u015f\u00fcrlerle halka anlat\u0131ld\u0131 ve e\u011fitimler verildi. Ancak bu vurdumduymazl\u0131\u011f\u0131, bu duyars\u0131zl\u0131\u011f\u0131 bir t\u00fcrl\u00fc a\u015fam\u0131yoruz. T\u00fcrkiye\u2019nin herhangi bir noktas\u0131nda, bir ki\u015finin sadece iki dakikal\u0131k bir dikkatsizli\u011fi, bizleri g\u00fcnlerce u\u011fra\u015ft\u0131ran bir s\u00fcrece sokabiliyor. Bunu anlatamad\u0131k. Elbette g\u00fcc\u00fcm\u00fcz yerinde. Ben arkada\u015flar\u0131ma g\u00fcveniyorum. Onlar bilgi, tecr\u00fcbe ve ellerindeki makinelerle g\u00f6revlerini en iyi \u015fekilde yapmaya devam edecekler. Ancak mesele bu kadar basit de\u011fil&#8221; a\u00e7\u0131klamas\u0131nda bulundu.<\/p>\n<p>\u00d6n\u00fcm\u00fczdeki hafta yine tehlikeli<br \/>\n<br \/>Yar\u0131ndan itibaren \u015fiddetli r\u00fczgar\u0131n orman yang\u0131nlar\u0131na sebep olabilece\u011fini s\u00f6yleyerek vatanda\u015flara uyar\u0131larda bulunan Bakan \u0130brahim Yumakl\u0131, &#8220;Yar\u0131ndan itibaren r\u00fczg\u00e2r \u00f6zellikle Marmara, Ege ve Akdeniz\u2019in b\u00fcy\u00fck bir k\u0131sm\u0131nda yine \u015fiddetli olacak. Hava s\u0131cakl\u0131klar\u0131 ciddi \u015fekilde artacak. B\u00fct\u00fcn bunlar ya\u015fan\u0131rken, sadece birka\u00e7 saniyelik bir dikkatsizlik T\u00fcrkiye\u2019nin herhangi bir yerinde b\u00fcy\u00fck yang\u0131nlara neden olabilir. Bu nedenle t\u00fcm vatanda\u015flar\u0131m\u0131zdan bir kez daha istirham ediyorum: L\u00fctfen d\u0131\u015far\u0131da ate\u015f yakmay\u0131n. Elinizdeki sigaray\u0131 yol kenar\u0131na, kuru otlar\u0131n aras\u0131na atmay\u0131n. Yang\u0131nlar\u0131n yar\u0131s\u0131ndan fazlas\u0131 orman alanlar\u0131nda ba\u015flam\u0131yor. Yani \u00e7\u00f6p, kuru ot gibi yerlerde ba\u015fl\u0131yor. \u00d6n\u00fcm\u00fczdeki bir hafta boyunca, Ekim 2025\u2019e kadar, teyakkuz halindeyiz. Her an elimiz tetikte, g\u00f6z\u00fcm\u00fcz ekranlarda. \u0130nsans\u0131z hava ara\u00e7lar\u0131n\u0131n tespit etti\u011fi noktalara ekiplerimiz an\u0131nda m\u00fcdahale ediyor. Bu bizim i\u015fimiz ve yapaca\u011f\u0131z. Ancak yang\u0131n\u0131 \u00e7\u0131karan\u0131n hi\u00e7 mi su\u00e7u yok? Toplumsal duyarl\u0131l\u0131k istiyoruz. Bu m\u00fccadeleyi tek ba\u015f\u0131m\u0131za s\u00fcrd\u00fcremeyiz. D\u00fcnyada da bunu tek ba\u015f\u0131na ba\u015farabilen bir \u00fclke yok&#8221; dedi.<\/p>\n<p>&#8220;Cansiperane m\u00fccadele ediyor&#8221;<br \/>\n<br \/>&#8220;Cumhuriyet tarihinin en g\u00fc\u00e7l\u00fc hava, kara ve personel g\u00fcc\u00fcne ula\u015fm\u0131\u015f durumday\u0131z&#8221; diyen ve yang\u0131nlarla m\u00fccadelenin cansiperane \u015fekilde devam etti\u011fini s\u00f6yleyen Bakan Yumakl\u0131, a\u00e7\u0131klamas\u0131n\u0131n devam\u0131nda \u015fu s\u00f6zlere yer verdi:<br \/>\n<br \/>&#8220;Ama bu imk\u00e2nlar sonsuz de\u011fil. Riskli alanlara gerekli yerle\u015ftirmeleri yap\u0131yoruz. Teknoloji konusunda da \u015fu anda d\u00fcnyan\u0131n \u00f6nde gelen \u00fclkelerinden biriyiz. Yang\u0131nlarla m\u00fccadeledeki y\u00f6ntemlerimizle ilgili pek \u00e7ok \u00fclke bizimle ileti\u015fim kuruyor. Ama mesele bu de\u011fil. Mesele, vatanda\u015f\u0131m\u0131z\u0131n T\u00fcrkiye\u2019nin 785 bin kilometrekarelik alan\u0131n\u0131n herhangi bir yerinde dikkatsizce yakt\u0131\u011f\u0131 bir ate\u015fin, \u00fclkemizin kaynaklar\u0131n\u0131, insan g\u00fcc\u00fcn\u00fc ve biyo\u00e7e\u015fitlili\u011fi yok etmesidir. B\u00fct\u00fcn bunlara gerek kalmayabilir. Buradan tekrar \u00e7a\u011fr\u0131da bulunuyorum: L\u00fctfen a\u00e7\u0131k alanlarda ate\u015f yak\u0131lmas\u0131n. Yang\u0131na neden olabilecek hi\u00e7bir \u015feye izin verilmesin. Bunu yapanlar kadar, buna te\u015febb\u00fcs edenleri g\u00f6renler de ya m\u00fcdahale etsin ya da en k\u0131sa s\u00fcrede yetkililere veya kamuya haber versin. Biz \u015fimdiye kadar oldu\u011fu gibi bundan sonra da gerekeni yapar\u0131z. En ba\u015fta s\u00f6yledi\u011fim gibi, bu r\u00fczg\u00e2rda pilotlar\u0131m\u0131z ola\u011fan\u00fcst\u00fc bir \u00e7aba sarf ediyor. O ormanlar\u0131n i\u00e7inde, kameralar zaman zaman yans\u0131tsa da, g\u00f6r\u00fcnmeyen yerlerde gen\u00e7 karde\u015flerim ate\u015fin i\u00e7ine girip s\u00f6nd\u00fcrmek i\u00e7in cansiperane m\u00fccadele ediyor. T\u00fcm kamu kurum ve kurulu\u015flar\u0131 el ele, omuz omuza \u00e7al\u0131\u015f\u0131yor. Yerel y\u00f6netimlerden Emniyet Te\u015fkilat\u0131\u2019na, Milli Savunma\u2019dan \u0130\u00e7i\u015fleri\u2019ne, Sa\u011fl\u0131k Bakanl\u0131\u011f\u0131, AFAD ve ad\u0131n\u0131 saymad\u0131\u011f\u0131m bir\u00e7ok kuruma te\u015fekk\u00fcr ediyorum. Bilgilendirmeye devam edece\u011fiz. Birazdan buradan ayr\u0131l\u0131p Hatay\u2019a ge\u00e7ece\u011fim. Oradaki sert ve karars\u0131z r\u00fczg\u00e2rlar i\u015fimizi zorla\u015ft\u0131racak gibi g\u00f6r\u00fcn\u00fcyor. Koordinasyonu devralmak \u00fczere oraya gidece\u011fim.&#8221;<br \/><\/p>\n","protected":false},"excerpt":{"rendered":"<p>Tar\u0131m ve Orman Bakan\u0131 \u0130brahim Yumakl\u0131, Orman B\u00f6lge M\u00fcd\u00fcrl\u00fc\u011f\u00fc\u2019nde yang\u0131nlar ile ilgili a\u00e7\u0131klamalarda bulundu. Bakan Yumakl\u0131, cuma g\u00fcn\u00fcnden bu yana \u00fclke genelinde ciddiyeti y\u00fcksek 342 yang\u0131n \u00e7\u0131kt\u0131\u011f\u0131n\u0131 ve 6 yang\u0131n\u0131n ise devam etti\u011fini s\u00f6yledi. \u0130zmir ve Manisa\u2019daki yang\u0131nlarla ilgili de a\u00e7\u0131klama yapan Bakan Yumakl\u0131, \u0130zmir\u2019deki yang\u0131nda durumun iyiye gitti\u011fini, Manisa\u2019daki yang\u0131nlarda ise Ahmetli yang\u0131n\u0131nda alevlerin&#8230;<\/p>\n","protected":false},"author":1,"featured_media":39145,"comment_status":"open","ping_status":"open","sticky":false,"template":"","format":"standard","meta":{"_crdt_document":"","footnotes":""},"categories":[5],"tags":[],"class_list":["post-39144","post","type-post","status-publish","format-standard","has-post-thumbnail","hentry","category-asayis"],"_links":{"self":[{"href":"https:\/\/www.egemtv.com\/index.php?rest_route=\/wp\/v2\/posts\/39144","targetHints":{"allow":["GET"]}}],"collection":[{"href":"https:\/\/www.egemtv.com\/index.php?rest_route=\/wp\/v2\/posts"}],"about":[{"href":"https:\/\/www.egemtv.com\/index.php?rest_route=\/wp\/v2\/types\/post"}],"author":[{"embeddable":true,"href":"https:\/\/www.egemtv.com\/index.php?rest_route=\/wp\/v2\/users\/1"}],"replies":[{"embeddable":true,"href":"https:\/\/www.egemtv.com\/index.php?rest_route=%2Fwp%2Fv2%2Fcomments&post=39144"}],"version-history":[{"count":1,"href":"https:\/\/www.egemtv.com\/index.php?rest_route=\/wp\/v2\/posts\/39144\/revisions"}],"predecessor-version":[{"id":39146,"href":"https:\/\/www.egemtv.com\/index.php?rest_route=\/wp\/v2\/posts\/39144\/revisions\/39146"}],"wp:featuredmedia":[{"embeddable":true,"href":"https:\/\/www.egemtv.com\/index.php?rest_route=\/wp\/v2\/media\/39145"}],"wp:attachment":[{"href":"https:\/\/www.egemtv.com\/index.php?rest_route=%2Fwp%2Fv2%2Fmedia&parent=39144"}],"wp:term":[{"taxonomy":"category","embeddable":true,"href":"https:\/\/www.egemtv.com\/index.php?rest_route=%2Fwp%2Fv2%2Fcategories&post=39144"},{"taxonomy":"post_tag","embeddable":true,"href":"https:\/\/www.egemtv.com\/index.php?rest_route=%2Fwp%2Fv2%2Ftags&post=39144"}],"curies":[{"name":"wp","href":"https:\/\/api.w.org\/{rel}","templated":true}]}}