{"id":39141,"date":"2025-07-01T13:16:39","date_gmt":"2025-07-01T10:16:39","guid":{"rendered":"https:\/\/www.egemtv.com\/?p=39141"},"modified":"2025-07-01T13:16:44","modified_gmt":"2025-07-01T10:16:44","slug":"traktor-suruculerine-guvenlik-egitimi","status":"publish","type":"post","link":"https:\/\/www.egemtv.com\/?p=39141","title":{"rendered":"Trakt\u00f6r s\u00fcr\u00fcc\u00fclerine g\u00fcvenlik e\u011fitimi"},"content":{"rendered":"<p>Ayd\u0131n\u2019da jandarma ekiplerince trakt\u00f6r s\u00fcr\u00fcc\u00fclerine y\u00f6nelik ger\u00e7ekle\u015ftirilen e\u011fitimde, ROPS sistemi ba\u015fta olmak \u00fczere g\u00fcvenlik e\u011fitimi verildi.<\/p>\n<p>Ayd\u0131n \u0130l Jandarma Komutanl\u0131\u011f\u0131 koordinesinde vatanda\u015flara y\u00f6nelik ger\u00e7ekle\u015ftirilen bilgilendirme faaliyetleri aral\u0131ks\u0131z devam ediyor. Bu \u00e7er\u00e7evede jandarma ekipleri, Efeler \u015eahnal\u0131 Mahallesi, Karpuzlu Ulukonak ve Tekeler Mahalleleri ile Kuyucak \u00c7amdibi ve Y\u00f6re Mahalleleri\u2019nde vatanda\u015flarla bir araya geldi. Mahalle kahvehanelerinde bulunan vatanda\u015flar ve trakt\u00f6r s\u00fcr\u00fcc\u00fclerine Trafik Jandarmas\u0131 taraf\u0131ndan, trakt\u00f6r kazalar\u0131nda devrilmeleri ve devrilmelerin neden oldu\u011fu sonu\u00e7lardan korumay\u0131 ama\u00e7layan Rollover Protection System (ROPS) sistemi ile trakt\u00f6rlerin gece-g\u00fcnd\u00fcz g\u00f6r\u00fcn\u00fcrl\u00fc\u011f\u00fcn\u00fc artt\u0131ran reflekt\u00f6r, sar\u0131 fla\u015f\u00f6r lamba tak\u0131lmas\u0131 konular\u0131nda ve motosiklet kullan\u0131m\u0131 ve kask kullan\u0131m\u0131 ile ilgili bilgilendirme yap\u0131larak bro\u015f\u00fcr da\u011f\u0131t\u0131ld\u0131.<br \/><\/p>\n","protected":false},"excerpt":{"rendered":"<p>Ayd\u0131n\u2019da jandarma ekiplerince trakt\u00f6r s\u00fcr\u00fcc\u00fclerine y\u00f6nelik ger\u00e7ekle\u015ftirilen e\u011fitimde, ROPS sistemi ba\u015fta olmak \u00fczere g\u00fcvenlik e\u011fitimi verildi. Ayd\u0131n \u0130l Jandarma Komutanl\u0131\u011f\u0131 koordinesinde vatanda\u015flara y\u00f6nelik ger\u00e7ekle\u015ftirilen bilgilendirme faaliyetleri aral\u0131ks\u0131z devam ediyor. Bu \u00e7er\u00e7evede jandarma ekipleri, Efeler \u015eahnal\u0131 Mahallesi, Karpuzlu Ulukonak ve Tekeler Mahalleleri ile Kuyucak \u00c7amdibi ve Y\u00f6re Mahalleleri\u2019nde vatanda\u015flarla bir araya geldi. Mahalle kahvehanelerinde bulunan vatanda\u015flar&#8230;<\/p>\n","protected":false},"author":1,"featured_media":39142,"comment_status":"open","ping_status":"open","sticky":false,"template":"","format":"standard","meta":{"_crdt_document":"","footnotes":""},"categories":[5],"tags":[],"class_list":["post-39141","post","type-post","status-publish","format-standard","has-post-thumbnail","hentry","category-asayis"],"_links":{"self":[{"href":"https:\/\/www.egemtv.com\/index.php?rest_route=\/wp\/v2\/posts\/39141","targetHints":{"allow":["GET"]}}],"collection":[{"href":"https:\/\/www.egemtv.com\/index.php?rest_route=\/wp\/v2\/posts"}],"about":[{"href":"https:\/\/www.egemtv.com\/index.php?rest_route=\/wp\/v2\/types\/post"}],"author":[{"embeddable":true,"href":"https:\/\/www.egemtv.com\/index.php?rest_route=\/wp\/v2\/users\/1"}],"replies":[{"embeddable":true,"href":"https:\/\/www.egemtv.com\/index.php?rest_route=%2Fwp%2Fv2%2Fcomments&post=39141"}],"version-history":[{"count":1,"href":"https:\/\/www.egemtv.com\/index.php?rest_route=\/wp\/v2\/posts\/39141\/revisions"}],"predecessor-version":[{"id":39143,"href":"https:\/\/www.egemtv.com\/index.php?rest_route=\/wp\/v2\/posts\/39141\/revisions\/39143"}],"wp:featuredmedia":[{"embeddable":true,"href":"https:\/\/www.egemtv.com\/index.php?rest_route=\/wp\/v2\/media\/39142"}],"wp:attachment":[{"href":"https:\/\/www.egemtv.com\/index.php?rest_route=%2Fwp%2Fv2%2Fmedia&parent=39141"}],"wp:term":[{"taxonomy":"category","embeddable":true,"href":"https:\/\/www.egemtv.com\/index.php?rest_route=%2Fwp%2Fv2%2Fcategories&post=39141"},{"taxonomy":"post_tag","embeddable":true,"href":"https:\/\/www.egemtv.com\/index.php?rest_route=%2Fwp%2Fv2%2Ftags&post=39141"}],"curies":[{"name":"wp","href":"https:\/\/api.w.org\/{rel}","templated":true}]}}