{"id":39138,"date":"2025-07-01T13:16:34","date_gmt":"2025-07-01T10:16:34","guid":{"rendered":"https:\/\/www.egemtv.com\/?p=39138"},"modified":"2025-07-01T13:16:39","modified_gmt":"2025-07-01T10:16:39","slug":"baskan-tugay-bizim-suc-duyurumuz-yok","status":"publish","type":"post","link":"https:\/\/www.egemtv.com\/?p=39138","title":{"rendered":"Ba\u015fkan Tugay: &#8220;Bizim su\u00e7 duyurumuz yok&#8221;"},"content":{"rendered":"<p>\u0130zmir B\u00fcy\u00fck\u015fehir Belediyesi\u2019nin eski ba\u015fkan\u0131 Tun\u00e7 Soyer ve CHP \u0130zmir \u0130l Ba\u015fkan\u0131 \u015eenol Aslano\u011flu\u2019nun da g\u00f6zalt\u0131na al\u0131nd\u0131\u011f\u0131 yolsuzluk operasyonu ile ilgili konu\u015fan \u0130zmir B\u00fcy\u00fck\u015fehir Belediye Ba\u015fkan\u0131 Cemil Tugay, &#8220;Bizim herhangi bur su\u00e7 duyurumuz yok. Bu konudaki iddialar do\u011fru de\u011fil. \u0130\u00e7i\u015fleri Bakanl\u0131\u011f\u0131 m\u00fcfetti\u015flerinin su\u00e7 duyurusu var&#8221; dedi.<br \/>\n<br \/>\u0130zmir Cumhuriyet Ba\u015fsavc\u0131l\u0131\u011f\u0131, \u0130zmir B\u00fcy\u00fck\u015fehir Belediyesine ba\u011fl\u0131 \u0130ZBETON A\u015e\u2019de, ta\u015feron \u015firketler eliyle yolsuzluk yap\u0131ld\u0131\u011f\u0131 iddias\u0131 \u00fczerine \u00e7al\u0131\u015fma ba\u015flatt\u0131. Say\u0131\u015ftay raporu, m\u00fclkiye m\u00fcfetti\u015fi raporu, bilirki\u015fi raporlar\u0131na istinaden &#8220;ihaleye ve edimin ifas\u0131na fesat kar\u0131\u015ft\u0131rma&#8221; ve &#8220;nitelikli doland\u0131r\u0131c\u0131l\u0131k&#8221; su\u00e7lamas\u0131yla aralar\u0131nda \u0130zmir B\u00fcy\u00fck\u015fehir Belediyesi\u2019nin eski ba\u015fkan\u0131 Tun\u00e7 Soyer ve CHP \u0130zmir \u0130l Ba\u015fkan\u0131 \u015eenol Aslano\u011flu\u2019nun da bulundu\u011fu 157 \u015f\u00fcpheli hakk\u0131nda g\u00f6zalt\u0131 karar\u0131 verildi. \u015eenol ve Aslano\u011flu ile birlikte 156 \u015f\u00fcpheli yakaland\u0131. \u015e\u00fcphelilerden Yunus \u00d6z\u2019\u00fcn ise vefat etmi\u015f oldu\u011fu anla\u015f\u0131ld\u0131.<\/p>\n<p>Ba\u015fkan Tugay: &#8220;\u0130\u00e7i\u015fleri Bakanl\u0131\u011f\u0131n\u0131n su\u00e7 duyurusu var&#8221;<br \/>\n<br \/>G\u00f6zalt\u0131lar \u00fczerine \u0130zmir B\u00fcy\u00fck\u015fehir Belediye Ba\u015fkan\u0131 Cemil Tugay\u2019\u0131n konuyla ilgili su\u00e7 duyurusunda bulundu\u011fu iddia edildi.<br \/>\n<br \/>\u0130zmir\u2019de yerel haber sitesi egeligazete.com\u2019a a\u00e7\u0131klama yapan \u0130zmir B\u00fcy\u00fck\u015fehir Belediye Ba\u015fkan\u0131 Cemil Tugay, hen\u00fcz kayna\u011f\u0131n\u0131 bilemedikleri baz\u0131 iddialar\u0131n da ortaya at\u0131ld\u0131\u011f\u0131n\u0131 ifade ederek, &#8220;Cumhuriyet Ba\u015fsavc\u0131l\u0131\u011f\u0131na \u015eubat 2025\u2019te \u0130\u00e7i\u015fleri Bakanl\u0131\u011f\u0131n\u0131n su\u00e7 duyurusu var. Bilirki\u015fi incelemesi sonucunda soru\u015fturmalar ba\u015fl\u0131yor. Bizim sadece kendi i\u00e7imizde yapt\u0131\u011f\u0131m\u0131z baz\u0131 i\u00e7 denetim incelemeleri var. Bu i\u00e7 denetim raporlar\u0131ndan birini \u0130\u00e7i\u015fler Bakanl\u0131\u011f\u0131 m\u00fcfetti\u015fi istemi\u015f. O rapordan baz\u0131 al\u0131nt\u0131lar var. Y\u00fcr\u00fct\u00fclen soru\u015fturmalar\u0131n bizimle ilgisi yok&#8221; dedi.<br \/>\n<br \/>Ya\u015fanan s\u00fcre\u00e7te olay\u0131 anlamaya \u00e7al\u0131\u015ft\u0131klar\u0131n\u0131 belirten Tugay, &#8220;Bir s\u00fcr\u00fc iddia var. Avukatlar\u0131m\u0131z bilgi almaya \u00e7al\u0131\u015f\u0131yor. Ama bu kadar fazla insan\u0131n al\u0131nmas\u0131 bir alg\u0131 operasyonu oldu\u011funu g\u00f6steriyor. Benim bilgim olan emin oldu\u011fum bir durum yok. Bizim \u0130ZSU ve ESHOT Genel M\u00fcd\u00fcrlerimiz de g\u00f6zalt\u0131nda. \u0130ki daire ba\u015fkan\u0131m\u0131z g\u00f6zalt\u0131nda. Mali \u0130\u015fler Daire Ba\u015fkan\u0131m\u0131z g\u00f6zalt\u0131nda. Bu g\u00f6zalt\u0131lar asla bizim tercih etti\u011fimiz bir durum olamaz&#8221; dedi. S\u00f6z konusu kooperatiflerle ilgili i\u015flerin devam\u0131 i\u00e7in gerekli \u00e7al\u0131\u015fmalar\u0131 ba\u015flatt\u0131klar\u0131n\u0131 hat\u0131rlatan Tugay, &#8220;\u00d6rnekk\u00f6y\u2019deki ihaleleri yapt\u0131. Di\u011ferleri ihale a\u015famas\u0131nda. Piyasadaki s\u0131k\u0131nt\u0131 nedeniyle onlar\u0131n ihaleleri hen\u00fcz tamamlanmad\u0131&#8221; diye konu\u015ftu.<br \/><\/p>\n","protected":false},"excerpt":{"rendered":"<p>\u0130zmir B\u00fcy\u00fck\u015fehir Belediyesi\u2019nin eski ba\u015fkan\u0131 Tun\u00e7 Soyer ve CHP \u0130zmir \u0130l Ba\u015fkan\u0131 \u015eenol Aslano\u011flu\u2019nun da g\u00f6zalt\u0131na al\u0131nd\u0131\u011f\u0131 yolsuzluk operasyonu ile ilgili konu\u015fan \u0130zmir B\u00fcy\u00fck\u015fehir Belediye Ba\u015fkan\u0131 Cemil Tugay, &#8220;Bizim herhangi bur su\u00e7 duyurumuz yok. Bu konudaki iddialar do\u011fru de\u011fil. \u0130\u00e7i\u015fleri Bakanl\u0131\u011f\u0131 m\u00fcfetti\u015flerinin su\u00e7 duyurusu var&#8221; dedi. \u0130zmir Cumhuriyet Ba\u015fsavc\u0131l\u0131\u011f\u0131, \u0130zmir B\u00fcy\u00fck\u015fehir Belediyesine ba\u011fl\u0131 \u0130ZBETON A\u015e\u2019de,&#8230;<\/p>\n","protected":false},"author":1,"featured_media":39139,"comment_status":"open","ping_status":"open","sticky":false,"template":"","format":"standard","meta":{"_crdt_document":"","footnotes":""},"categories":[5],"tags":[],"class_list":["post-39138","post","type-post","status-publish","format-standard","has-post-thumbnail","hentry","category-asayis"],"_links":{"self":[{"href":"https:\/\/www.egemtv.com\/index.php?rest_route=\/wp\/v2\/posts\/39138","targetHints":{"allow":["GET"]}}],"collection":[{"href":"https:\/\/www.egemtv.com\/index.php?rest_route=\/wp\/v2\/posts"}],"about":[{"href":"https:\/\/www.egemtv.com\/index.php?rest_route=\/wp\/v2\/types\/post"}],"author":[{"embeddable":true,"href":"https:\/\/www.egemtv.com\/index.php?rest_route=\/wp\/v2\/users\/1"}],"replies":[{"embeddable":true,"href":"https:\/\/www.egemtv.com\/index.php?rest_route=%2Fwp%2Fv2%2Fcomments&post=39138"}],"version-history":[{"count":1,"href":"https:\/\/www.egemtv.com\/index.php?rest_route=\/wp\/v2\/posts\/39138\/revisions"}],"predecessor-version":[{"id":39140,"href":"https:\/\/www.egemtv.com\/index.php?rest_route=\/wp\/v2\/posts\/39138\/revisions\/39140"}],"wp:featuredmedia":[{"embeddable":true,"href":"https:\/\/www.egemtv.com\/index.php?rest_route=\/wp\/v2\/media\/39139"}],"wp:attachment":[{"href":"https:\/\/www.egemtv.com\/index.php?rest_route=%2Fwp%2Fv2%2Fmedia&parent=39138"}],"wp:term":[{"taxonomy":"category","embeddable":true,"href":"https:\/\/www.egemtv.com\/index.php?rest_route=%2Fwp%2Fv2%2Fcategories&post=39138"},{"taxonomy":"post_tag","embeddable":true,"href":"https:\/\/www.egemtv.com\/index.php?rest_route=%2Fwp%2Fv2%2Ftags&post=39138"}],"curies":[{"name":"wp","href":"https:\/\/api.w.org\/{rel}","templated":true}]}}