{"id":39135,"date":"2025-07-01T12:56:53","date_gmt":"2025-07-01T09:56:53","guid":{"rendered":"https:\/\/www.egemtv.com\/?p=39135"},"modified":"2025-07-01T12:56:58","modified_gmt":"2025-07-01T09:56:58","slug":"muglada-2025-yaz-kuran-kurslari-basladi","status":"publish","type":"post","link":"https:\/\/www.egemtv.com\/?p=39135","title":{"rendered":"Mu\u011fla\u2019da 2025 yaz Kur\u2019an kurslar\u0131 ba\u015flad\u0131"},"content":{"rendered":"<p>Diyanet \u0130\u015fleri Ba\u015fkanl\u0131\u011f\u0131 koordinesinde her y\u0131l geleneksel olarak d\u00fczenlenen Yaz Kur\u2019an Kurslar\u0131, 2025 yaz d\u00f6neminde Mu\u011fla genelinde b\u00fcy\u00fck bir co\u015fkuyla ba\u015flad\u0131. \u0130l genelindeki camiler, ilk g\u00fcnden itibaren \u00f6\u011frencilerin yo\u011fun ilgisiyle dolup ta\u015ft\u0131.<\/p>\n<p>Mu\u011fla\u2019n\u0131n 13 il\u00e7esinde a\u00e7\u0131lan toplam bin 73 kursta binlerce \u00f6\u011frenci, sabah ve \u00f6\u011fleden sonra olmak \u00fczere iki ayr\u0131 zaman diliminde Kur\u2019an-\u0131 Kerim ve temel dini bilgiler e\u011fitimi almaya ba\u015flad\u0131. Kurslar\u0131n ilk g\u00fcn\u00fcnde camilere elifbalar\u0131yla gelen \u00f6\u011frenciler, Kur\u2019an-\u0131 Kerim \u00f6\u011frenmenin heyecan\u0131n\u0131 ya\u015farken, ne\u015feli tav\u0131rlar\u0131yla kurs ortam\u0131na ayr\u0131 bir canl\u0131l\u0131k katt\u0131.<\/p>\n<p>Diyanet \u0130\u015fleri Ba\u015fkan\u0131 Prof. Dr. Ali Erba\u015f, bu y\u0131l i\u00e7in T\u00fcrkiye genelinde 3 milyon \u00f6\u011frenciye ula\u015fmay\u0131 hedeflediklerini a\u00e7\u0131klam\u0131\u015ft\u0131. Mu\u011fla\u2019da ge\u00e7ti\u011fimiz y\u0131l Yaz Kur\u2019an Kurslar\u0131na 20 bin 360 \u00f6\u011frenci kat\u0131lm\u0131\u015ft\u0131. Bu y\u0131l ise \u00f6\u011frenci say\u0131s\u0131nda art\u0131\u015f bekleniyor. Yetkililer, ailelerin ilgisinden memnun olduklar\u0131n\u0131 belirtirken, \u00f6zellikle k\u00fc\u00e7\u00fck ya\u015f gruplar\u0131n\u0131n kat\u0131l\u0131m\u0131ndaki yo\u011funlu\u011fun sevindirici oldu\u011funu ifade etti.<br \/><\/p>\n","protected":false},"excerpt":{"rendered":"<p>Diyanet \u0130\u015fleri Ba\u015fkanl\u0131\u011f\u0131 koordinesinde her y\u0131l geleneksel olarak d\u00fczenlenen Yaz Kur\u2019an Kurslar\u0131, 2025 yaz d\u00f6neminde Mu\u011fla genelinde b\u00fcy\u00fck bir co\u015fkuyla ba\u015flad\u0131. \u0130l genelindeki camiler, ilk g\u00fcnden itibaren \u00f6\u011frencilerin yo\u011fun ilgisiyle dolup ta\u015ft\u0131. Mu\u011fla\u2019n\u0131n 13 il\u00e7esinde a\u00e7\u0131lan toplam bin 73 kursta binlerce \u00f6\u011frenci, sabah ve \u00f6\u011fleden sonra olmak \u00fczere iki ayr\u0131 zaman diliminde Kur\u2019an-\u0131 Kerim ve&#8230;<\/p>\n","protected":false},"author":1,"featured_media":39136,"comment_status":"open","ping_status":"open","sticky":false,"template":"","format":"standard","meta":{"_crdt_document":"","footnotes":""},"categories":[1],"tags":[],"class_list":["post-39135","post","type-post","status-publish","format-standard","has-post-thumbnail","hentry","category-guncel"],"_links":{"self":[{"href":"https:\/\/www.egemtv.com\/index.php?rest_route=\/wp\/v2\/posts\/39135","targetHints":{"allow":["GET"]}}],"collection":[{"href":"https:\/\/www.egemtv.com\/index.php?rest_route=\/wp\/v2\/posts"}],"about":[{"href":"https:\/\/www.egemtv.com\/index.php?rest_route=\/wp\/v2\/types\/post"}],"author":[{"embeddable":true,"href":"https:\/\/www.egemtv.com\/index.php?rest_route=\/wp\/v2\/users\/1"}],"replies":[{"embeddable":true,"href":"https:\/\/www.egemtv.com\/index.php?rest_route=%2Fwp%2Fv2%2Fcomments&post=39135"}],"version-history":[{"count":1,"href":"https:\/\/www.egemtv.com\/index.php?rest_route=\/wp\/v2\/posts\/39135\/revisions"}],"predecessor-version":[{"id":39137,"href":"https:\/\/www.egemtv.com\/index.php?rest_route=\/wp\/v2\/posts\/39135\/revisions\/39137"}],"wp:featuredmedia":[{"embeddable":true,"href":"https:\/\/www.egemtv.com\/index.php?rest_route=\/wp\/v2\/media\/39136"}],"wp:attachment":[{"href":"https:\/\/www.egemtv.com\/index.php?rest_route=%2Fwp%2Fv2%2Fmedia&parent=39135"}],"wp:term":[{"taxonomy":"category","embeddable":true,"href":"https:\/\/www.egemtv.com\/index.php?rest_route=%2Fwp%2Fv2%2Fcategories&post=39135"},{"taxonomy":"post_tag","embeddable":true,"href":"https:\/\/www.egemtv.com\/index.php?rest_route=%2Fwp%2Fv2%2Ftags&post=39135"}],"curies":[{"name":"wp","href":"https:\/\/api.w.org\/{rel}","templated":true}]}}